{"id":7500,"date":"2022-07-04T17:16:55","date_gmt":"2022-07-04T17:16:55","guid":{"rendered":"https:\/\/lyceemermoz.edu.ar\/v5\/?p=7500"},"modified":"2023-09-14T19:24:47","modified_gmt":"2023-09-14T19:24:47","slug":"video-my-school-is-cool","status":"publish","type":"post","link":"https:\/\/lyceemermoz.edu.ar\/v5\/video-my-school-is-cool\/","title":{"rendered":"Video &#8220;My school is cool&#8221;"},"content":{"rendered":"\t\t<div data-elementor-type=\"wp-post\" data-elementor-id=\"7500\" class=\"elementor elementor-7500\" data-elementor-post-type=\"post\">\n\t\t\t\t\t\t<section class=\"elementor-section elementor-top-section elementor-element elementor-element-9a69aba elementor-section-boxed elementor-section-height-default elementor-section-height-default\" data-id=\"9a69aba\" data-element_type=\"section\" data-e-type=\"section\">\n\t\t\t\t\t\t<div class=\"elementor-container elementor-column-gap-default\">\n\t\t\t\t\t<div class=\"elementor-column elementor-col-100 elementor-top-column elementor-element elementor-element-8890e03\" data-id=\"8890e03\" data-element_type=\"column\" data-e-type=\"column\">\n\t\t\t<div class=\"elementor-widget-wrap elementor-element-populated\">\n\t\t\t\t\t\t<div class=\"elementor-element elementor-element-3470f54 elementor-widget elementor-widget-text-editor\" data-id=\"3470f54\" data-element_type=\"widget\" data-e-type=\"widget\" data-widget_type=\"text-editor.default\">\n\t\t\t\t\t\t\t\t\t<p style=\"text-align: justify;\">Les \u00e9l\u00e8ves de <strong>6B et 6C<\/strong> ont pr\u00e9par\u00e9 la vid\u00e9o &#8220;<strong>MY SCHOOL IS COOL<\/strong>&#8220;. Ils ont appris \u00e0 parler de leur \u00e9cole, les mati\u00e8res scolaires, leur emploi du temps, les activit\u00e9s extra-scolaires et \u00e0 comparer leur rythme scolaire avec celui de jeunes britanniques et nord-am\u00e9ricains.<\/p><p style=\"text-align: justify;\"><em>Los alumnos de <strong>M1B y M1C<\/strong> prepararon el video &#8220;<strong>MY SCHOOL IS COOL<\/strong>&#8220;. Aprendieron a hablar de su escuela, de las materias, los empleos del tiempo, las actividades periescolares y a comparar su ritmo escolar con el de los j\u00f3venes brit\u00e1nicos y norteamericanos.<\/em><\/p>\t\t\t\t\t\t\t\t<\/div>\n\t\t\t\t\t<\/div>\n\t\t<\/div>\n\t\t\t\t\t<\/div>\n\t\t<\/section>\n\t\t\t\t<section class=\"elementor-section elementor-top-section elementor-element elementor-element-90517bd elementor-section-boxed elementor-section-height-default elementor-section-height-default\" data-id=\"90517bd\" data-element_type=\"section\" data-e-type=\"section\">\n\t\t\t\t\t\t<div class=\"elementor-container elementor-column-gap-default\">\n\t\t\t\t\t<div class=\"elementor-column elementor-col-100 elementor-top-column elementor-element elementor-element-958d372\" data-id=\"958d372\" data-element_type=\"column\" data-e-type=\"column\">\n\t\t\t<div class=\"elementor-widget-wrap elementor-element-populated\">\n\t\t\t\t\t\t<div class=\"elementor-element elementor-element-110a8f8 elementor-widget elementor-widget-video\" data-id=\"110a8f8\" data-element_type=\"widget\" data-e-type=\"widget\" data-settings=\"{&quot;youtube_url&quot;:&quot;https:\\\/\\\/youtu.be\\\/kldCyE9BUII&quot;,&quot;video_type&quot;:&quot;youtube&quot;,&quot;controls&quot;:&quot;yes&quot;}\" data-widget_type=\"video.default\">\n\t\t\t\t\t\t\t<div class=\"elementor-wrapper elementor-open-inline\">\n\t\t\t<div class=\"elementor-video\"><\/div>\t\t<\/div>\n\t\t\t\t\t\t<\/div>\n\t\t\t\t\t<\/div>\n\t\t<\/div>\n\t\t\t\t\t<\/div>\n\t\t<\/section>\n\t\t\t\t<\/div>\n\t\t","protected":false},"excerpt":{"rendered":"<p>Les \u00e9l\u00e8ves de 6B et 6C ont pr\u00e9par\u00e9 la vid\u00e9o &#8220;MY SCHOOL IS COOL&#8220;. Ils ont appris \u00e0 parler de[&#8230;]<\/p>\n","protected":false},"author":8,"featured_media":7506,"comment_status":"closed","ping_status":"closed","sticky":true,"template":"","format":"standard","meta":{"iawp_total_views":0,"footnotes":""},"categories":[5],"tags":[],"class_list":["post-7500","post","type-post","status-publish","format-standard","has-post-thumbnail","hentry","category-actualites"],"yoast_head":"<!-- This site is optimized with the Yoast SEO plugin v27.4 - https:\/\/yoast.com\/product\/yoast-seo-wordpress\/ -->\n<title>Video &quot;My school is cool&quot; - Lyc\u00e9e Franco-Argentin Jean Mermoz<\/title>\n<meta name=\"description\" content=\"El liceo franco-argentino Jean Mermoz es un establecimiento laico, biling\u00fce y bicultural, integrando de manear harmoniosa le educaci\u00f3n de ambos pa\u00edses.\" \/>\n<meta name=\"robots\" content=\"index, follow, max-snippet:-1, max-image-preview:large, max-video-preview:-1\" \/>\n<link rel=\"canonical\" href=\"https:\/\/lyceemermoz.edu.ar\/v5\/video-my-school-is-cool\/\" \/>\n<meta property=\"og:locale\" content=\"fr_FR\" \/>\n<meta property=\"og:type\" content=\"article\" \/>\n<meta property=\"og:title\" content=\"Video &quot;My school is cool&quot; - Lyc\u00e9e Franco-Argentin Jean Mermoz\" \/>\n<meta property=\"og:description\" content=\"El liceo franco-argentino Jean Mermoz es un establecimiento laico, biling\u00fce y bicultural, integrando de manear harmoniosa le educaci\u00f3n de ambos pa\u00edses.\" \/>\n<meta property=\"og:url\" content=\"https:\/\/lyceemermoz.edu.ar\/v5\/video-my-school-is-cool\/\" \/>\n<meta property=\"og:site_name\" content=\"Lyc\u00e9e Franco-Argentin Jean Mermoz\" \/>\n<meta property=\"article:published_time\" content=\"2022-07-04T17:16:55+00:00\" \/>\n<meta property=\"article:modified_time\" content=\"2023-09-14T19:24:47+00:00\" \/>\n<meta property=\"og:image\" content=\"https:\/\/lyceemermoz.edu.ar\/v5\/wp-content\/uploads\/my-school-is-cool.jpg\" \/>\n\t<meta property=\"og:image:width\" content=\"292\" \/>\n\t<meta property=\"og:image:height\" content=\"166\" \/>\n\t<meta property=\"og:image:type\" content=\"image\/jpeg\" \/>\n<meta name=\"author\" content=\"Vanina Giannotti\" \/>\n<meta name=\"twitter:card\" content=\"summary_large_image\" \/>\n<meta name=\"twitter:creator\" content=\"@LJMBuenosAires\" \/>\n<meta name=\"twitter:site\" content=\"@LJMBuenosAires\" \/>\n<meta name=\"twitter:label1\" content=\"\u00c9crit par\" \/>\n\t<meta name=\"twitter:data1\" content=\"Vanina Giannotti\" \/>\n\t<meta name=\"twitter:label2\" content=\"Dur\u00e9e de lecture estim\u00e9e\" \/>\n\t<meta name=\"twitter:data2\" content=\"1 minute\" \/>\n<script type=\"application\/ld+json\" class=\"yoast-schema-graph\">{\"@context\":\"https:\\\/\\\/schema.org\",\"@graph\":[{\"@type\":\"Article\",\"@id\":\"https:\\\/\\\/lyceemermoz.edu.ar\\\/v5\\\/video-my-school-is-cool\\\/#article\",\"isPartOf\":{\"@id\":\"https:\\\/\\\/lyceemermoz.edu.ar\\\/v5\\\/video-my-school-is-cool\\\/\"},\"author\":{\"name\":\"Vanina Giannotti\",\"@id\":\"https:\\\/\\\/lyceemermoz.edu.ar\\\/v5\\\/#\\\/schema\\\/person\\\/e361f6e1e4ff859f79ddea2aac2903bd\"},\"headline\":\"Video &#8220;My school is cool&#8221;\",\"datePublished\":\"2022-07-04T17:16:55+00:00\",\"dateModified\":\"2023-09-14T19:24:47+00:00\",\"mainEntityOfPage\":{\"@id\":\"https:\\\/\\\/lyceemermoz.edu.ar\\\/v5\\\/video-my-school-is-cool\\\/\"},\"wordCount\":106,\"publisher\":{\"@id\":\"https:\\\/\\\/lyceemermoz.edu.ar\\\/v5\\\/#organization\"},\"image\":{\"@id\":\"https:\\\/\\\/lyceemermoz.edu.ar\\\/v5\\\/video-my-school-is-cool\\\/#primaryimage\"},\"thumbnailUrl\":\"https:\\\/\\\/lyceemermoz.edu.ar\\\/v5\\\/wp-content\\\/uploads\\\/my-school-is-cool.jpg\",\"articleSection\":[\"ACTUALIT\u00c9S\"],\"inLanguage\":\"fr-FR\"},{\"@type\":\"WebPage\",\"@id\":\"https:\\\/\\\/lyceemermoz.edu.ar\\\/v5\\\/video-my-school-is-cool\\\/\",\"url\":\"https:\\\/\\\/lyceemermoz.edu.ar\\\/v5\\\/video-my-school-is-cool\\\/\",\"name\":\"Video \\\"My school is cool\\\" - Lyc\u00e9e Franco-Argentin Jean Mermoz\",\"isPartOf\":{\"@id\":\"https:\\\/\\\/lyceemermoz.edu.ar\\\/v5\\\/#website\"},\"primaryImageOfPage\":{\"@id\":\"https:\\\/\\\/lyceemermoz.edu.ar\\\/v5\\\/video-my-school-is-cool\\\/#primaryimage\"},\"image\":{\"@id\":\"https:\\\/\\\/lyceemermoz.edu.ar\\\/v5\\\/video-my-school-is-cool\\\/#primaryimage\"},\"thumbnailUrl\":\"https:\\\/\\\/lyceemermoz.edu.ar\\\/v5\\\/wp-content\\\/uploads\\\/my-school-is-cool.jpg\",\"datePublished\":\"2022-07-04T17:16:55+00:00\",\"dateModified\":\"2023-09-14T19:24:47+00:00\",\"description\":\"El liceo franco-argentino Jean Mermoz es un establecimiento laico, biling\u00fce y bicultural, integrando de manear harmoniosa le educaci\u00f3n de ambos pa\u00edses.\",\"breadcrumb\":{\"@id\":\"https:\\\/\\\/lyceemermoz.edu.ar\\\/v5\\\/video-my-school-is-cool\\\/#breadcrumb\"},\"inLanguage\":\"fr-FR\",\"potentialAction\":[{\"@type\":\"ReadAction\",\"target\":[\"https:\\\/\\\/lyceemermoz.edu.ar\\\/v5\\\/video-my-school-is-cool\\\/\"]}]},{\"@type\":\"ImageObject\",\"inLanguage\":\"fr-FR\",\"@id\":\"https:\\\/\\\/lyceemermoz.edu.ar\\\/v5\\\/video-my-school-is-cool\\\/#primaryimage\",\"url\":\"https:\\\/\\\/lyceemermoz.edu.ar\\\/v5\\\/wp-content\\\/uploads\\\/my-school-is-cool.jpg\",\"contentUrl\":\"https:\\\/\\\/lyceemermoz.edu.ar\\\/v5\\\/wp-content\\\/uploads\\\/my-school-is-cool.jpg\",\"width\":292,\"height\":166},{\"@type\":\"BreadcrumbList\",\"@id\":\"https:\\\/\\\/lyceemermoz.edu.ar\\\/v5\\\/video-my-school-is-cool\\\/#breadcrumb\",\"itemListElement\":[{\"@type\":\"ListItem\",\"position\":1,\"name\":\"Accueil\",\"item\":\"https:\\\/\\\/lyceemermoz.edu.ar\\\/v5\\\/\"},{\"@type\":\"ListItem\",\"position\":2,\"name\":\"Video &#8220;My school is cool&#8221;\"}]},{\"@type\":\"WebSite\",\"@id\":\"https:\\\/\\\/lyceemermoz.edu.ar\\\/v5\\\/#website\",\"url\":\"https:\\\/\\\/lyceemermoz.edu.ar\\\/v5\\\/\",\"name\":\"Lyc\u00e9e Franco-Argentin Jean Mermoz\",\"description\":\"Jean Mermoz, Buenos Aires\",\"publisher\":{\"@id\":\"https:\\\/\\\/lyceemermoz.edu.ar\\\/v5\\\/#organization\"},\"potentialAction\":[{\"@type\":\"SearchAction\",\"target\":{\"@type\":\"EntryPoint\",\"urlTemplate\":\"https:\\\/\\\/lyceemermoz.edu.ar\\\/v5\\\/?s={search_term_string}\"},\"query-input\":{\"@type\":\"PropertyValueSpecification\",\"valueRequired\":true,\"valueName\":\"search_term_string\"}}],\"inLanguage\":\"fr-FR\"},{\"@type\":\"Organization\",\"@id\":\"https:\\\/\\\/lyceemermoz.edu.ar\\\/v5\\\/#organization\",\"name\":\"Lyc\u00e9e Franco-Argentin Jean Mermoz - Liceo Franco-Argentino Jean Mermoz\",\"url\":\"https:\\\/\\\/lyceemermoz.edu.ar\\\/v5\\\/\",\"logo\":{\"@type\":\"ImageObject\",\"inLanguage\":\"fr-FR\",\"@id\":\"https:\\\/\\\/lyceemermoz.edu.ar\\\/v5\\\/#\\\/schema\\\/logo\\\/image\\\/\",\"url\":\"https:\\\/\\\/lyceemermoz.edu.ar\\\/v5\\\/wp-content\\\/uploads\\\/logoJM-scaled.jpg\",\"contentUrl\":\"https:\\\/\\\/lyceemermoz.edu.ar\\\/v5\\\/wp-content\\\/uploads\\\/logoJM-scaled.jpg\",\"width\":2560,\"height\":2560,\"caption\":\"Lyc\u00e9e Franco-Argentin Jean Mermoz - Liceo Franco-Argentino Jean Mermoz\"},\"image\":{\"@id\":\"https:\\\/\\\/lyceemermoz.edu.ar\\\/v5\\\/#\\\/schema\\\/logo\\\/image\\\/\"},\"sameAs\":[\"https:\\\/\\\/x.com\\\/LJMBuenosAires\",\"https:\\\/\\\/www.instagram.com\\\/ljmbuenosaires\\\/\"]},{\"@type\":\"Person\",\"@id\":\"https:\\\/\\\/lyceemermoz.edu.ar\\\/v5\\\/#\\\/schema\\\/person\\\/e361f6e1e4ff859f79ddea2aac2903bd\",\"name\":\"Vanina Giannotti\",\"image\":{\"@type\":\"ImageObject\",\"inLanguage\":\"fr-FR\",\"@id\":\"https:\\\/\\\/secure.gravatar.com\\\/avatar\\\/e0c16e632e738741ffcaac5118b7edfcde4242e74a22b49a4aaf2c5665166539?s=96&d=mm&r=g\",\"url\":\"https:\\\/\\\/secure.gravatar.com\\\/avatar\\\/e0c16e632e738741ffcaac5118b7edfcde4242e74a22b49a4aaf2c5665166539?s=96&d=mm&r=g\",\"contentUrl\":\"https:\\\/\\\/secure.gravatar.com\\\/avatar\\\/e0c16e632e738741ffcaac5118b7edfcde4242e74a22b49a4aaf2c5665166539?s=96&d=mm&r=g\",\"caption\":\"Vanina Giannotti\"},\"sameAs\":[\"http:\\\/\\\/lyceemermoz.edu.ar\"]}]}<\/script>\n<!-- \/ Yoast SEO plugin. -->","yoast_head_json":{"title":"Video \"My school is cool\" - Lyc\u00e9e Franco-Argentin Jean Mermoz","description":"El liceo franco-argentino Jean Mermoz es un establecimiento laico, biling\u00fce y bicultural, integrando de manear harmoniosa le educaci\u00f3n de ambos pa\u00edses.","robots":{"index":"index","follow":"follow","max-snippet":"max-snippet:-1","max-image-preview":"max-image-preview:large","max-video-preview":"max-video-preview:-1"},"canonical":"https:\/\/lyceemermoz.edu.ar\/v5\/video-my-school-is-cool\/","og_locale":"fr_FR","og_type":"article","og_title":"Video \"My school is cool\" - Lyc\u00e9e Franco-Argentin Jean Mermoz","og_description":"El liceo franco-argentino Jean Mermoz es un establecimiento laico, biling\u00fce y bicultural, integrando de manear harmoniosa le educaci\u00f3n de ambos pa\u00edses.","og_url":"https:\/\/lyceemermoz.edu.ar\/v5\/video-my-school-is-cool\/","og_site_name":"Lyc\u00e9e Franco-Argentin Jean Mermoz","article_published_time":"2022-07-04T17:16:55+00:00","article_modified_time":"2023-09-14T19:24:47+00:00","og_image":[{"width":292,"height":166,"url":"https:\/\/lyceemermoz.edu.ar\/v5\/wp-content\/uploads\/my-school-is-cool.jpg","type":"image\/jpeg"}],"author":"Vanina Giannotti","twitter_card":"summary_large_image","twitter_creator":"@LJMBuenosAires","twitter_site":"@LJMBuenosAires","twitter_misc":{"\u00c9crit par":"Vanina Giannotti","Dur\u00e9e de lecture estim\u00e9e":"1 minute"},"schema":{"@context":"https:\/\/schema.org","@graph":[{"@type":"Article","@id":"https:\/\/lyceemermoz.edu.ar\/v5\/video-my-school-is-cool\/#article","isPartOf":{"@id":"https:\/\/lyceemermoz.edu.ar\/v5\/video-my-school-is-cool\/"},"author":{"name":"Vanina Giannotti","@id":"https:\/\/lyceemermoz.edu.ar\/v5\/#\/schema\/person\/e361f6e1e4ff859f79ddea2aac2903bd"},"headline":"Video &#8220;My school is cool&#8221;","datePublished":"2022-07-04T17:16:55+00:00","dateModified":"2023-09-14T19:24:47+00:00","mainEntityOfPage":{"@id":"https:\/\/lyceemermoz.edu.ar\/v5\/video-my-school-is-cool\/"},"wordCount":106,"publisher":{"@id":"https:\/\/lyceemermoz.edu.ar\/v5\/#organization"},"image":{"@id":"https:\/\/lyceemermoz.edu.ar\/v5\/video-my-school-is-cool\/#primaryimage"},"thumbnailUrl":"https:\/\/lyceemermoz.edu.ar\/v5\/wp-content\/uploads\/my-school-is-cool.jpg","articleSection":["ACTUALIT\u00c9S"],"inLanguage":"fr-FR"},{"@type":"WebPage","@id":"https:\/\/lyceemermoz.edu.ar\/v5\/video-my-school-is-cool\/","url":"https:\/\/lyceemermoz.edu.ar\/v5\/video-my-school-is-cool\/","name":"Video \"My school is cool\" - Lyc\u00e9e Franco-Argentin Jean Mermoz","isPartOf":{"@id":"https:\/\/lyceemermoz.edu.ar\/v5\/#website"},"primaryImageOfPage":{"@id":"https:\/\/lyceemermoz.edu.ar\/v5\/video-my-school-is-cool\/#primaryimage"},"image":{"@id":"https:\/\/lyceemermoz.edu.ar\/v5\/video-my-school-is-cool\/#primaryimage"},"thumbnailUrl":"https:\/\/lyceemermoz.edu.ar\/v5\/wp-content\/uploads\/my-school-is-cool.jpg","datePublished":"2022-07-04T17:16:55+00:00","dateModified":"2023-09-14T19:24:47+00:00","description":"El liceo franco-argentino Jean Mermoz es un establecimiento laico, biling\u00fce y bicultural, integrando de manear harmoniosa le educaci\u00f3n de ambos pa\u00edses.","breadcrumb":{"@id":"https:\/\/lyceemermoz.edu.ar\/v5\/video-my-school-is-cool\/#breadcrumb"},"inLanguage":"fr-FR","potentialAction":[{"@type":"ReadAction","target":["https:\/\/lyceemermoz.edu.ar\/v5\/video-my-school-is-cool\/"]}]},{"@type":"ImageObject","inLanguage":"fr-FR","@id":"https:\/\/lyceemermoz.edu.ar\/v5\/video-my-school-is-cool\/#primaryimage","url":"https:\/\/lyceemermoz.edu.ar\/v5\/wp-content\/uploads\/my-school-is-cool.jpg","contentUrl":"https:\/\/lyceemermoz.edu.ar\/v5\/wp-content\/uploads\/my-school-is-cool.jpg","width":292,"height":166},{"@type":"BreadcrumbList","@id":"https:\/\/lyceemermoz.edu.ar\/v5\/video-my-school-is-cool\/#breadcrumb","itemListElement":[{"@type":"ListItem","position":1,"name":"Accueil","item":"https:\/\/lyceemermoz.edu.ar\/v5\/"},{"@type":"ListItem","position":2,"name":"Video &#8220;My school is cool&#8221;"}]},{"@type":"WebSite","@id":"https:\/\/lyceemermoz.edu.ar\/v5\/#website","url":"https:\/\/lyceemermoz.edu.ar\/v5\/","name":"Lyc\u00e9e Franco-Argentin Jean Mermoz","description":"Jean Mermoz, Buenos Aires","publisher":{"@id":"https:\/\/lyceemermoz.edu.ar\/v5\/#organization"},"potentialAction":[{"@type":"SearchAction","target":{"@type":"EntryPoint","urlTemplate":"https:\/\/lyceemermoz.edu.ar\/v5\/?s={search_term_string}"},"query-input":{"@type":"PropertyValueSpecification","valueRequired":true,"valueName":"search_term_string"}}],"inLanguage":"fr-FR"},{"@type":"Organization","@id":"https:\/\/lyceemermoz.edu.ar\/v5\/#organization","name":"Lyc\u00e9e Franco-Argentin Jean Mermoz - Liceo Franco-Argentino Jean Mermoz","url":"https:\/\/lyceemermoz.edu.ar\/v5\/","logo":{"@type":"ImageObject","inLanguage":"fr-FR","@id":"https:\/\/lyceemermoz.edu.ar\/v5\/#\/schema\/logo\/image\/","url":"https:\/\/lyceemermoz.edu.ar\/v5\/wp-content\/uploads\/logoJM-scaled.jpg","contentUrl":"https:\/\/lyceemermoz.edu.ar\/v5\/wp-content\/uploads\/logoJM-scaled.jpg","width":2560,"height":2560,"caption":"Lyc\u00e9e Franco-Argentin Jean Mermoz - Liceo Franco-Argentino Jean Mermoz"},"image":{"@id":"https:\/\/lyceemermoz.edu.ar\/v5\/#\/schema\/logo\/image\/"},"sameAs":["https:\/\/x.com\/LJMBuenosAires","https:\/\/www.instagram.com\/ljmbuenosaires\/"]},{"@type":"Person","@id":"https:\/\/lyceemermoz.edu.ar\/v5\/#\/schema\/person\/e361f6e1e4ff859f79ddea2aac2903bd","name":"Vanina Giannotti","image":{"@type":"ImageObject","inLanguage":"fr-FR","@id":"https:\/\/secure.gravatar.com\/avatar\/e0c16e632e738741ffcaac5118b7edfcde4242e74a22b49a4aaf2c5665166539?s=96&d=mm&r=g","url":"https:\/\/secure.gravatar.com\/avatar\/e0c16e632e738741ffcaac5118b7edfcde4242e74a22b49a4aaf2c5665166539?s=96&d=mm&r=g","contentUrl":"https:\/\/secure.gravatar.com\/avatar\/e0c16e632e738741ffcaac5118b7edfcde4242e74a22b49a4aaf2c5665166539?s=96&d=mm&r=g","caption":"Vanina Giannotti"},"sameAs":["http:\/\/lyceemermoz.edu.ar"]}]}},"_links":{"self":[{"href":"https:\/\/lyceemermoz.edu.ar\/v5\/wp-json\/wp\/v2\/posts\/7500","targetHints":{"allow":["GET"]}}],"collection":[{"href":"https:\/\/lyceemermoz.edu.ar\/v5\/wp-json\/wp\/v2\/posts"}],"about":[{"href":"https:\/\/lyceemermoz.edu.ar\/v5\/wp-json\/wp\/v2\/types\/post"}],"author":[{"embeddable":true,"href":"https:\/\/lyceemermoz.edu.ar\/v5\/wp-json\/wp\/v2\/users\/8"}],"replies":[{"embeddable":true,"href":"https:\/\/lyceemermoz.edu.ar\/v5\/wp-json\/wp\/v2\/comments?post=7500"}],"version-history":[{"count":5,"href":"https:\/\/lyceemermoz.edu.ar\/v5\/wp-json\/wp\/v2\/posts\/7500\/revisions"}],"predecessor-version":[{"id":7505,"href":"https:\/\/lyceemermoz.edu.ar\/v5\/wp-json\/wp\/v2\/posts\/7500\/revisions\/7505"}],"wp:featuredmedia":[{"embeddable":true,"href":"https:\/\/lyceemermoz.edu.ar\/v5\/wp-json\/wp\/v2\/media\/7506"}],"wp:attachment":[{"href":"https:\/\/lyceemermoz.edu.ar\/v5\/wp-json\/wp\/v2\/media?parent=7500"}],"wp:term":[{"taxonomy":"category","embeddable":true,"href":"https:\/\/lyceemermoz.edu.ar\/v5\/wp-json\/wp\/v2\/categories?post=7500"},{"taxonomy":"post_tag","embeddable":true,"href":"https:\/\/lyceemermoz.edu.ar\/v5\/wp-json\/wp\/v2\/tags?post=7500"}],"curies":[{"name":"wp","href":"https:\/\/api.w.org\/{rel}","templated":true}]}}