{"id":6490,"date":"2024-02-20T08:00:21","date_gmt":"2024-02-20T08:00:21","guid":{"rendered":"https:\/\/lyceemermoz.edu.ar\/v5\/?p=6490"},"modified":"2024-09-06T07:50:43","modified_gmt":"2024-09-06T07:50:43","slug":"menu-comedor-mayo-menu-cantine-mai","status":"publish","type":"post","link":"https:\/\/lyceemermoz.edu.ar\/v5\/menu-comedor-mayo-menu-cantine-mai\/","title":{"rendered":"Men\u00fa comedor 2024\/ Menu cantine 2024"},"content":{"rendered":"\t\t<div data-elementor-type=\"wp-post\" data-elementor-id=\"6490\" class=\"elementor elementor-6490\" data-elementor-post-type=\"post\">\n\t\t\t\t\t\t<section class=\"elementor-section elementor-top-section elementor-element elementor-element-00f1557 elementor-section-boxed elementor-section-height-default elementor-section-height-default\" data-id=\"00f1557\" data-element_type=\"section\" data-e-type=\"section\">\n\t\t\t\t\t\t<div class=\"elementor-container elementor-column-gap-default\">\n\t\t\t\t\t<div class=\"elementor-column elementor-col-100 elementor-top-column elementor-element elementor-element-a9c079f\" data-id=\"a9c079f\" data-element_type=\"column\" data-e-type=\"column\">\n\t\t\t<div class=\"elementor-widget-wrap elementor-element-populated\">\n\t\t\t\t\t\t<div class=\"elementor-element elementor-element-57c820e elementor-widget elementor-widget-text-editor\" data-id=\"57c820e\" data-element_type=\"widget\" data-e-type=\"widget\" data-widget_type=\"text-editor.default\">\n\t\t\t\t\t\t\t\t\t<p><a href=\"https:\/\/lyceemermoz.edu.ar\/v5\/wp-content\/uploads\/MENU-AGOSTO-LICEO-2024-.pdf\">MENU AGOSTO LICEO 2024<\/a><\/p><p><a href=\"https:\/\/lyceemermoz.edu.ar\/v5\/wp-content\/uploads\/MENU-AGOSTO-MATERNELLE-LICEO-2024-.pdf\">MENU AGOSTO MATERNELLE LICEO 2024<\/a><\/p>\t\t\t\t\t\t\t\t<\/div>\n\t\t\t\t<div class=\"elementor-element elementor-element-03533fa elementor-widget elementor-widget-text-editor\" data-id=\"03533fa\" data-element_type=\"widget\" data-e-type=\"widget\" data-widget_type=\"text-editor.default\">\n\t\t\t\t\t\t\t\t\t<p><a href=\"https:\/\/lyceemermoz.edu.ar\/v5\/wp-content\/uploads\/SEPTIEMBRE-2024-MENU.pdf\">SEPTIEMBRE 2024 &#8211; MENU<\/a><\/p><p><a href=\"https:\/\/lyceemermoz.edu.ar\/v5\/wp-content\/uploads\/SEPTIEMBRE-2024-MATERNELLE.pdf\">SEPTIEMBRE 2024 &#8211; MATERNELLE<\/a><\/p>\t\t\t\t\t\t\t\t<\/div>\n\t\t\t\t\t<\/div>\n\t\t<\/div>\n\t\t\t\t\t<\/div>\n\t\t<\/section>\n\t\t\t\t<\/div>\n\t\t","protected":false},"excerpt":{"rendered":"<p>MENU AGOSTO LICEO 2024 MENU AGOSTO MATERNELLE LICEO 2024 SEPTIEMBRE 2024 &#8211; MENU SEPTIEMBRE 2024 &#8211; MATERNELLE<\/p>\n","protected":false},"author":8,"featured_media":6635,"comment_status":"closed","ping_status":"closed","sticky":true,"template":"","format":"standard","meta":{"iawp_total_views":4,"footnotes":""},"categories":[5],"tags":[10],"class_list":["post-6490","post","type-post","status-publish","format-standard","has-post-thumbnail","hentry","category-actualites","tag-bloque3"],"yoast_head":"<!-- This site is optimized with the Yoast SEO plugin v27.4 - https:\/\/yoast.com\/product\/yoast-seo-wordpress\/ -->\n<title>Men\u00fa comedor 2024\/ Menu cantine 2024 - Lyc\u00e9e Franco-Argentin Jean Mermoz<\/title>\n<meta name=\"description\" content=\"El liceo franco-argentino Jean Mermoz es un establecimiento laico, biling\u00fce y bicultural, integrando de manear harmoniosa le educaci\u00f3n de ambos pa\u00edses.\" \/>\n<meta name=\"robots\" content=\"index, follow, max-snippet:-1, max-image-preview:large, max-video-preview:-1\" \/>\n<link rel=\"canonical\" href=\"https:\/\/lyceemermoz.edu.ar\/v5\/menu-comedor-mayo-menu-cantine-mai\/\" \/>\n<meta property=\"og:locale\" content=\"fr_FR\" \/>\n<meta property=\"og:type\" content=\"article\" \/>\n<meta property=\"og:title\" content=\"Men\u00fa comedor 2024\/ Menu cantine 2024 - Lyc\u00e9e Franco-Argentin Jean Mermoz\" \/>\n<meta property=\"og:description\" content=\"El liceo franco-argentino Jean Mermoz es un establecimiento laico, biling\u00fce y bicultural, integrando de manear harmoniosa le educaci\u00f3n de ambos pa\u00edses.\" \/>\n<meta property=\"og:url\" content=\"https:\/\/lyceemermoz.edu.ar\/v5\/menu-comedor-mayo-menu-cantine-mai\/\" \/>\n<meta property=\"og:site_name\" content=\"Lyc\u00e9e Franco-Argentin Jean Mermoz\" \/>\n<meta property=\"article:published_time\" content=\"2024-02-20T08:00:21+00:00\" \/>\n<meta property=\"article:modified_time\" content=\"2024-09-06T07:50:43+00:00\" \/>\n<meta property=\"og:image\" content=\"https:\/\/lyceemermoz.edu.ar\/v5\/wp-content\/uploads\/COOKS-1.png\" \/>\n\t<meta property=\"og:image:width\" content=\"189\" \/>\n\t<meta property=\"og:image:height\" content=\"276\" \/>\n\t<meta property=\"og:image:type\" content=\"image\/png\" \/>\n<meta name=\"author\" content=\"Vanina Giannotti\" \/>\n<meta name=\"twitter:card\" content=\"summary_large_image\" \/>\n<meta name=\"twitter:creator\" content=\"@LJMBuenosAires\" \/>\n<meta name=\"twitter:site\" content=\"@LJMBuenosAires\" \/>\n<meta name=\"twitter:label1\" content=\"\u00c9crit par\" \/>\n\t<meta name=\"twitter:data1\" content=\"Vanina Giannotti\" \/>\n\t<meta name=\"twitter:label2\" content=\"Dur\u00e9e de lecture estim\u00e9e\" \/>\n\t<meta name=\"twitter:data2\" content=\"1 minute\" \/>\n<script type=\"application\/ld+json\" class=\"yoast-schema-graph\">{\"@context\":\"https:\\\/\\\/schema.org\",\"@graph\":[{\"@type\":\"Article\",\"@id\":\"https:\\\/\\\/lyceemermoz.edu.ar\\\/v5\\\/menu-comedor-mayo-menu-cantine-mai\\\/#article\",\"isPartOf\":{\"@id\":\"https:\\\/\\\/lyceemermoz.edu.ar\\\/v5\\\/menu-comedor-mayo-menu-cantine-mai\\\/\"},\"author\":{\"name\":\"Vanina Giannotti\",\"@id\":\"https:\\\/\\\/lyceemermoz.edu.ar\\\/v5\\\/#\\\/schema\\\/person\\\/e361f6e1e4ff859f79ddea2aac2903bd\"},\"headline\":\"Men\u00fa comedor 2024\\\/ Menu cantine 2024\",\"datePublished\":\"2024-02-20T08:00:21+00:00\",\"dateModified\":\"2024-09-06T07:50:43+00:00\",\"mainEntityOfPage\":{\"@id\":\"https:\\\/\\\/lyceemermoz.edu.ar\\\/v5\\\/menu-comedor-mayo-menu-cantine-mai\\\/\"},\"wordCount\":17,\"publisher\":{\"@id\":\"https:\\\/\\\/lyceemermoz.edu.ar\\\/v5\\\/#organization\"},\"image\":{\"@id\":\"https:\\\/\\\/lyceemermoz.edu.ar\\\/v5\\\/menu-comedor-mayo-menu-cantine-mai\\\/#primaryimage\"},\"thumbnailUrl\":\"https:\\\/\\\/lyceemermoz.edu.ar\\\/v5\\\/wp-content\\\/uploads\\\/COOKS-1.png\",\"keywords\":[\"bloque3\"],\"articleSection\":[\"ACTUALIT\u00c9S\"],\"inLanguage\":\"fr-FR\"},{\"@type\":\"WebPage\",\"@id\":\"https:\\\/\\\/lyceemermoz.edu.ar\\\/v5\\\/menu-comedor-mayo-menu-cantine-mai\\\/\",\"url\":\"https:\\\/\\\/lyceemermoz.edu.ar\\\/v5\\\/menu-comedor-mayo-menu-cantine-mai\\\/\",\"name\":\"Men\u00fa comedor 2024\\\/ Menu cantine 2024 - Lyc\u00e9e Franco-Argentin Jean Mermoz\",\"isPartOf\":{\"@id\":\"https:\\\/\\\/lyceemermoz.edu.ar\\\/v5\\\/#website\"},\"primaryImageOfPage\":{\"@id\":\"https:\\\/\\\/lyceemermoz.edu.ar\\\/v5\\\/menu-comedor-mayo-menu-cantine-mai\\\/#primaryimage\"},\"image\":{\"@id\":\"https:\\\/\\\/lyceemermoz.edu.ar\\\/v5\\\/menu-comedor-mayo-menu-cantine-mai\\\/#primaryimage\"},\"thumbnailUrl\":\"https:\\\/\\\/lyceemermoz.edu.ar\\\/v5\\\/wp-content\\\/uploads\\\/COOKS-1.png\",\"datePublished\":\"2024-02-20T08:00:21+00:00\",\"dateModified\":\"2024-09-06T07:50:43+00:00\",\"description\":\"El liceo franco-argentino Jean Mermoz es un establecimiento laico, biling\u00fce y bicultural, integrando de manear harmoniosa le educaci\u00f3n de ambos pa\u00edses.\",\"breadcrumb\":{\"@id\":\"https:\\\/\\\/lyceemermoz.edu.ar\\\/v5\\\/menu-comedor-mayo-menu-cantine-mai\\\/#breadcrumb\"},\"inLanguage\":\"fr-FR\",\"potentialAction\":[{\"@type\":\"ReadAction\",\"target\":[\"https:\\\/\\\/lyceemermoz.edu.ar\\\/v5\\\/menu-comedor-mayo-menu-cantine-mai\\\/\"]}]},{\"@type\":\"ImageObject\",\"inLanguage\":\"fr-FR\",\"@id\":\"https:\\\/\\\/lyceemermoz.edu.ar\\\/v5\\\/menu-comedor-mayo-menu-cantine-mai\\\/#primaryimage\",\"url\":\"https:\\\/\\\/lyceemermoz.edu.ar\\\/v5\\\/wp-content\\\/uploads\\\/COOKS-1.png\",\"contentUrl\":\"https:\\\/\\\/lyceemermoz.edu.ar\\\/v5\\\/wp-content\\\/uploads\\\/COOKS-1.png\",\"width\":189,\"height\":276},{\"@type\":\"BreadcrumbList\",\"@id\":\"https:\\\/\\\/lyceemermoz.edu.ar\\\/v5\\\/menu-comedor-mayo-menu-cantine-mai\\\/#breadcrumb\",\"itemListElement\":[{\"@type\":\"ListItem\",\"position\":1,\"name\":\"Accueil\",\"item\":\"https:\\\/\\\/lyceemermoz.edu.ar\\\/v5\\\/\"},{\"@type\":\"ListItem\",\"position\":2,\"name\":\"Men\u00fa comedor 2024\\\/ Menu cantine 2024\"}]},{\"@type\":\"WebSite\",\"@id\":\"https:\\\/\\\/lyceemermoz.edu.ar\\\/v5\\\/#website\",\"url\":\"https:\\\/\\\/lyceemermoz.edu.ar\\\/v5\\\/\",\"name\":\"Lyc\u00e9e Franco-Argentin Jean Mermoz\",\"description\":\"Jean Mermoz, Buenos Aires\",\"publisher\":{\"@id\":\"https:\\\/\\\/lyceemermoz.edu.ar\\\/v5\\\/#organization\"},\"potentialAction\":[{\"@type\":\"SearchAction\",\"target\":{\"@type\":\"EntryPoint\",\"urlTemplate\":\"https:\\\/\\\/lyceemermoz.edu.ar\\\/v5\\\/?s={search_term_string}\"},\"query-input\":{\"@type\":\"PropertyValueSpecification\",\"valueRequired\":true,\"valueName\":\"search_term_string\"}}],\"inLanguage\":\"fr-FR\"},{\"@type\":\"Organization\",\"@id\":\"https:\\\/\\\/lyceemermoz.edu.ar\\\/v5\\\/#organization\",\"name\":\"Lyc\u00e9e Franco-Argentin Jean Mermoz - Liceo Franco-Argentino Jean Mermoz\",\"url\":\"https:\\\/\\\/lyceemermoz.edu.ar\\\/v5\\\/\",\"logo\":{\"@type\":\"ImageObject\",\"inLanguage\":\"fr-FR\",\"@id\":\"https:\\\/\\\/lyceemermoz.edu.ar\\\/v5\\\/#\\\/schema\\\/logo\\\/image\\\/\",\"url\":\"https:\\\/\\\/lyceemermoz.edu.ar\\\/v5\\\/wp-content\\\/uploads\\\/logoJM-scaled.jpg\",\"contentUrl\":\"https:\\\/\\\/lyceemermoz.edu.ar\\\/v5\\\/wp-content\\\/uploads\\\/logoJM-scaled.jpg\",\"width\":2560,\"height\":2560,\"caption\":\"Lyc\u00e9e Franco-Argentin Jean Mermoz - Liceo Franco-Argentino Jean Mermoz\"},\"image\":{\"@id\":\"https:\\\/\\\/lyceemermoz.edu.ar\\\/v5\\\/#\\\/schema\\\/logo\\\/image\\\/\"},\"sameAs\":[\"https:\\\/\\\/x.com\\\/LJMBuenosAires\",\"https:\\\/\\\/www.instagram.com\\\/ljmbuenosaires\\\/\"]},{\"@type\":\"Person\",\"@id\":\"https:\\\/\\\/lyceemermoz.edu.ar\\\/v5\\\/#\\\/schema\\\/person\\\/e361f6e1e4ff859f79ddea2aac2903bd\",\"name\":\"Vanina Giannotti\",\"image\":{\"@type\":\"ImageObject\",\"inLanguage\":\"fr-FR\",\"@id\":\"https:\\\/\\\/secure.gravatar.com\\\/avatar\\\/e0c16e632e738741ffcaac5118b7edfcde4242e74a22b49a4aaf2c5665166539?s=96&d=mm&r=g\",\"url\":\"https:\\\/\\\/secure.gravatar.com\\\/avatar\\\/e0c16e632e738741ffcaac5118b7edfcde4242e74a22b49a4aaf2c5665166539?s=96&d=mm&r=g\",\"contentUrl\":\"https:\\\/\\\/secure.gravatar.com\\\/avatar\\\/e0c16e632e738741ffcaac5118b7edfcde4242e74a22b49a4aaf2c5665166539?s=96&d=mm&r=g\",\"caption\":\"Vanina Giannotti\"},\"sameAs\":[\"http:\\\/\\\/lyceemermoz.edu.ar\"]}]}<\/script>\n<!-- \/ Yoast SEO plugin. -->","yoast_head_json":{"title":"Men\u00fa comedor 2024\/ Menu cantine 2024 - Lyc\u00e9e Franco-Argentin Jean Mermoz","description":"El liceo franco-argentino Jean Mermoz es un establecimiento laico, biling\u00fce y bicultural, integrando de manear harmoniosa le educaci\u00f3n de ambos pa\u00edses.","robots":{"index":"index","follow":"follow","max-snippet":"max-snippet:-1","max-image-preview":"max-image-preview:large","max-video-preview":"max-video-preview:-1"},"canonical":"https:\/\/lyceemermoz.edu.ar\/v5\/menu-comedor-mayo-menu-cantine-mai\/","og_locale":"fr_FR","og_type":"article","og_title":"Men\u00fa comedor 2024\/ Menu cantine 2024 - Lyc\u00e9e Franco-Argentin Jean Mermoz","og_description":"El liceo franco-argentino Jean Mermoz es un establecimiento laico, biling\u00fce y bicultural, integrando de manear harmoniosa le educaci\u00f3n de ambos pa\u00edses.","og_url":"https:\/\/lyceemermoz.edu.ar\/v5\/menu-comedor-mayo-menu-cantine-mai\/","og_site_name":"Lyc\u00e9e Franco-Argentin Jean Mermoz","article_published_time":"2024-02-20T08:00:21+00:00","article_modified_time":"2024-09-06T07:50:43+00:00","og_image":[{"width":189,"height":276,"url":"https:\/\/lyceemermoz.edu.ar\/v5\/wp-content\/uploads\/COOKS-1.png","type":"image\/png"}],"author":"Vanina Giannotti","twitter_card":"summary_large_image","twitter_creator":"@LJMBuenosAires","twitter_site":"@LJMBuenosAires","twitter_misc":{"\u00c9crit par":"Vanina Giannotti","Dur\u00e9e de lecture estim\u00e9e":"1 minute"},"schema":{"@context":"https:\/\/schema.org","@graph":[{"@type":"Article","@id":"https:\/\/lyceemermoz.edu.ar\/v5\/menu-comedor-mayo-menu-cantine-mai\/#article","isPartOf":{"@id":"https:\/\/lyceemermoz.edu.ar\/v5\/menu-comedor-mayo-menu-cantine-mai\/"},"author":{"name":"Vanina Giannotti","@id":"https:\/\/lyceemermoz.edu.ar\/v5\/#\/schema\/person\/e361f6e1e4ff859f79ddea2aac2903bd"},"headline":"Men\u00fa comedor 2024\/ Menu cantine 2024","datePublished":"2024-02-20T08:00:21+00:00","dateModified":"2024-09-06T07:50:43+00:00","mainEntityOfPage":{"@id":"https:\/\/lyceemermoz.edu.ar\/v5\/menu-comedor-mayo-menu-cantine-mai\/"},"wordCount":17,"publisher":{"@id":"https:\/\/lyceemermoz.edu.ar\/v5\/#organization"},"image":{"@id":"https:\/\/lyceemermoz.edu.ar\/v5\/menu-comedor-mayo-menu-cantine-mai\/#primaryimage"},"thumbnailUrl":"https:\/\/lyceemermoz.edu.ar\/v5\/wp-content\/uploads\/COOKS-1.png","keywords":["bloque3"],"articleSection":["ACTUALIT\u00c9S"],"inLanguage":"fr-FR"},{"@type":"WebPage","@id":"https:\/\/lyceemermoz.edu.ar\/v5\/menu-comedor-mayo-menu-cantine-mai\/","url":"https:\/\/lyceemermoz.edu.ar\/v5\/menu-comedor-mayo-menu-cantine-mai\/","name":"Men\u00fa comedor 2024\/ Menu cantine 2024 - Lyc\u00e9e Franco-Argentin Jean Mermoz","isPartOf":{"@id":"https:\/\/lyceemermoz.edu.ar\/v5\/#website"},"primaryImageOfPage":{"@id":"https:\/\/lyceemermoz.edu.ar\/v5\/menu-comedor-mayo-menu-cantine-mai\/#primaryimage"},"image":{"@id":"https:\/\/lyceemermoz.edu.ar\/v5\/menu-comedor-mayo-menu-cantine-mai\/#primaryimage"},"thumbnailUrl":"https:\/\/lyceemermoz.edu.ar\/v5\/wp-content\/uploads\/COOKS-1.png","datePublished":"2024-02-20T08:00:21+00:00","dateModified":"2024-09-06T07:50:43+00:00","description":"El liceo franco-argentino Jean Mermoz es un establecimiento laico, biling\u00fce y bicultural, integrando de manear harmoniosa le educaci\u00f3n de ambos pa\u00edses.","breadcrumb":{"@id":"https:\/\/lyceemermoz.edu.ar\/v5\/menu-comedor-mayo-menu-cantine-mai\/#breadcrumb"},"inLanguage":"fr-FR","potentialAction":[{"@type":"ReadAction","target":["https:\/\/lyceemermoz.edu.ar\/v5\/menu-comedor-mayo-menu-cantine-mai\/"]}]},{"@type":"ImageObject","inLanguage":"fr-FR","@id":"https:\/\/lyceemermoz.edu.ar\/v5\/menu-comedor-mayo-menu-cantine-mai\/#primaryimage","url":"https:\/\/lyceemermoz.edu.ar\/v5\/wp-content\/uploads\/COOKS-1.png","contentUrl":"https:\/\/lyceemermoz.edu.ar\/v5\/wp-content\/uploads\/COOKS-1.png","width":189,"height":276},{"@type":"BreadcrumbList","@id":"https:\/\/lyceemermoz.edu.ar\/v5\/menu-comedor-mayo-menu-cantine-mai\/#breadcrumb","itemListElement":[{"@type":"ListItem","position":1,"name":"Accueil","item":"https:\/\/lyceemermoz.edu.ar\/v5\/"},{"@type":"ListItem","position":2,"name":"Men\u00fa comedor 2024\/ Menu cantine 2024"}]},{"@type":"WebSite","@id":"https:\/\/lyceemermoz.edu.ar\/v5\/#website","url":"https:\/\/lyceemermoz.edu.ar\/v5\/","name":"Lyc\u00e9e Franco-Argentin Jean Mermoz","description":"Jean Mermoz, Buenos Aires","publisher":{"@id":"https:\/\/lyceemermoz.edu.ar\/v5\/#organization"},"potentialAction":[{"@type":"SearchAction","target":{"@type":"EntryPoint","urlTemplate":"https:\/\/lyceemermoz.edu.ar\/v5\/?s={search_term_string}"},"query-input":{"@type":"PropertyValueSpecification","valueRequired":true,"valueName":"search_term_string"}}],"inLanguage":"fr-FR"},{"@type":"Organization","@id":"https:\/\/lyceemermoz.edu.ar\/v5\/#organization","name":"Lyc\u00e9e Franco-Argentin Jean Mermoz - Liceo Franco-Argentino Jean Mermoz","url":"https:\/\/lyceemermoz.edu.ar\/v5\/","logo":{"@type":"ImageObject","inLanguage":"fr-FR","@id":"https:\/\/lyceemermoz.edu.ar\/v5\/#\/schema\/logo\/image\/","url":"https:\/\/lyceemermoz.edu.ar\/v5\/wp-content\/uploads\/logoJM-scaled.jpg","contentUrl":"https:\/\/lyceemermoz.edu.ar\/v5\/wp-content\/uploads\/logoJM-scaled.jpg","width":2560,"height":2560,"caption":"Lyc\u00e9e Franco-Argentin Jean Mermoz - Liceo Franco-Argentino Jean Mermoz"},"image":{"@id":"https:\/\/lyceemermoz.edu.ar\/v5\/#\/schema\/logo\/image\/"},"sameAs":["https:\/\/x.com\/LJMBuenosAires","https:\/\/www.instagram.com\/ljmbuenosaires\/"]},{"@type":"Person","@id":"https:\/\/lyceemermoz.edu.ar\/v5\/#\/schema\/person\/e361f6e1e4ff859f79ddea2aac2903bd","name":"Vanina Giannotti","image":{"@type":"ImageObject","inLanguage":"fr-FR","@id":"https:\/\/secure.gravatar.com\/avatar\/e0c16e632e738741ffcaac5118b7edfcde4242e74a22b49a4aaf2c5665166539?s=96&d=mm&r=g","url":"https:\/\/secure.gravatar.com\/avatar\/e0c16e632e738741ffcaac5118b7edfcde4242e74a22b49a4aaf2c5665166539?s=96&d=mm&r=g","contentUrl":"https:\/\/secure.gravatar.com\/avatar\/e0c16e632e738741ffcaac5118b7edfcde4242e74a22b49a4aaf2c5665166539?s=96&d=mm&r=g","caption":"Vanina Giannotti"},"sameAs":["http:\/\/lyceemermoz.edu.ar"]}]}},"_links":{"self":[{"href":"https:\/\/lyceemermoz.edu.ar\/v5\/wp-json\/wp\/v2\/posts\/6490","targetHints":{"allow":["GET"]}}],"collection":[{"href":"https:\/\/lyceemermoz.edu.ar\/v5\/wp-json\/wp\/v2\/posts"}],"about":[{"href":"https:\/\/lyceemermoz.edu.ar\/v5\/wp-json\/wp\/v2\/types\/post"}],"author":[{"embeddable":true,"href":"https:\/\/lyceemermoz.edu.ar\/v5\/wp-json\/wp\/v2\/users\/8"}],"replies":[{"embeddable":true,"href":"https:\/\/lyceemermoz.edu.ar\/v5\/wp-json\/wp\/v2\/comments?post=6490"}],"version-history":[{"count":124,"href":"https:\/\/lyceemermoz.edu.ar\/v5\/wp-json\/wp\/v2\/posts\/6490\/revisions"}],"predecessor-version":[{"id":14643,"href":"https:\/\/lyceemermoz.edu.ar\/v5\/wp-json\/wp\/v2\/posts\/6490\/revisions\/14643"}],"wp:featuredmedia":[{"embeddable":true,"href":"https:\/\/lyceemermoz.edu.ar\/v5\/wp-json\/wp\/v2\/media\/6635"}],"wp:attachment":[{"href":"https:\/\/lyceemermoz.edu.ar\/v5\/wp-json\/wp\/v2\/media?parent=6490"}],"wp:term":[{"taxonomy":"category","embeddable":true,"href":"https:\/\/lyceemermoz.edu.ar\/v5\/wp-json\/wp\/v2\/categories?post=6490"},{"taxonomy":"post_tag","embeddable":true,"href":"https:\/\/lyceemermoz.edu.ar\/v5\/wp-json\/wp\/v2\/tags?post=6490"}],"curies":[{"name":"wp","href":"https:\/\/api.w.org\/{rel}","templated":true}]}}