{"id":33374,"date":"2025-12-04T13:47:14","date_gmt":"2025-12-04T13:47:14","guid":{"rendered":"https:\/\/lyceemermoz.edu.ar\/v5\/?p=33374"},"modified":"2025-12-05T20:11:10","modified_gmt":"2025-12-05T20:11:10","slug":"petit-ecran-2025-un-concurso-que-revela-la-creatividad-de-nuestros-alumnos-y-celebra-una-reflexion-colectiva","status":"publish","type":"post","link":"https:\/\/lyceemermoz.edu.ar\/v5\/petit-ecran-2025-un-concurso-que-revela-la-creatividad-de-nuestros-alumnos-y-celebra-una-reflexion-colectiva\/","title":{"rendered":"Historias de Celular 2025: un concurso que revela la creatividad de nuestros alumnos y celebra una reflexi\u00f3n colectiva"},"content":{"rendered":"\t\t<div data-elementor-type=\"wp-post\" data-elementor-id=\"33374\" class=\"elementor elementor-33374\" data-elementor-post-type=\"post\">\n\t\t\t\t\t\t<section class=\"elementor-section elementor-top-section elementor-element elementor-element-82d1622 elementor-section-boxed elementor-section-height-default elementor-section-height-default\" data-id=\"82d1622\" data-element_type=\"section\" data-e-type=\"section\">\n\t\t\t\t\t\t<div class=\"elementor-container elementor-column-gap-default\">\n\t\t\t\t\t<div class=\"elementor-column elementor-col-100 elementor-top-column elementor-element elementor-element-7df2f13\" data-id=\"7df2f13\" data-element_type=\"column\" data-e-type=\"column\">\n\t\t\t<div class=\"elementor-widget-wrap elementor-element-populated\">\n\t\t\t\t\t\t<div class=\"elementor-element elementor-element-25c91e3 elementor-widget-divider--view-line elementor-widget elementor-widget-divider\" data-id=\"25c91e3\" data-element_type=\"widget\" data-e-type=\"widget\" data-widget_type=\"divider.default\">\n\t\t\t\t\t\t\t<div class=\"elementor-divider\">\n\t\t\t<span class=\"elementor-divider-separator\">\n\t\t\t\t\t\t<\/span>\n\t\t<\/div>\n\t\t\t\t\t\t<\/div>\n\t\t\t\t<div class=\"elementor-element elementor-element-e703b3c elementor-widget elementor-widget-text-editor\" data-id=\"e703b3c\" data-element_type=\"widget\" data-e-type=\"widget\" data-widget_type=\"text-editor.default\">\n\t\t\t\t\t\t\t\t\t<p data-start=\"32\" data-end=\"231\"><strong data-start=\"32\" data-end=\"231\">El jueves 26 de noviembre pasado, tuvimos el placer de asistir a la entrega de premios de la primera edici\u00f3n del Concurso de Video \u201cHistoires de Portable\/Historias de Celular\u201d, destinado a todos nuestros alumnos de secundaria.<\/strong><\/p><p data-start=\"233\" data-end=\"485\">Este proyecto, impulsado con entusiasmo por Susana Far\u00edas, Laudra Gismondi y Guadalupe Toledo, madres de alumnos y alumnas de nuestra instituci\u00f3n, invitaba a los participantes a realizar un video de un m\u00e1ximo de 3 minutos sobre el tema <strong data-start=\"458\" data-end=\"484\">\u201cHistorias de celular\u201d<\/strong>.<\/p><p data-start=\"487\" data-end=\"554\" data-is-last-node=\"\" data-is-only-node=\"\"><strong data-start=\"487\" data-end=\"554\" data-is-last-node=\"\">Un repaso por una noche de entrega de premios llena de emoci\u00f3n.<\/strong><\/p>\t\t\t\t\t\t\t\t<\/div>\n\t\t\t\t<div class=\"elementor-element elementor-element-20962e2 elementor-widget elementor-widget-gallery\" data-id=\"20962e2\" data-element_type=\"widget\" data-e-type=\"widget\" data-settings=\"{&quot;columns&quot;:6,&quot;gap&quot;:{&quot;unit&quot;:&quot;px&quot;,&quot;size&quot;:0,&quot;sizes&quot;:[]},&quot;lazyload&quot;:&quot;yes&quot;,&quot;gallery_layout&quot;:&quot;grid&quot;,&quot;columns_tablet&quot;:2,&quot;columns_mobile&quot;:1,&quot;gap_tablet&quot;:{&quot;unit&quot;:&quot;px&quot;,&quot;size&quot;:10,&quot;sizes&quot;:[]},&quot;gap_mobile&quot;:{&quot;unit&quot;:&quot;px&quot;,&quot;size&quot;:10,&quot;sizes&quot;:[]},&quot;link_to&quot;:&quot;file&quot;,&quot;aspect_ratio&quot;:&quot;3:2&quot;,&quot;overlay_background&quot;:&quot;yes&quot;,&quot;content_hover_animation&quot;:&quot;fade-in&quot;}\" data-widget_type=\"gallery.default\">\n\t\t\t\t\t\t\t<div class=\"elementor-gallery__container\">\n\t\t\t\t\t\t\t<a class=\"e-gallery-item elementor-gallery-item elementor-animated-content\" href=\"https:\/\/lyceemermoz.edu.ar\/v5\/wp-content\/uploads\/El-regalo-Corto-ganador.jpeg\" data-elementor-open-lightbox=\"yes\" data-elementor-lightbox-slideshow=\"20962e2\" data-elementor-lightbox-title=\"Premio Concours petit ecran\" data-elementor-lightbox-description=\"Premio Concours petit ecran\" data-e-action-hash=\"#elementor-action%3Aaction%3Dlightbox%26settings%3DeyJpZCI6MzMzMzMsInVybCI6Imh0dHBzOlwvXC9seWNlZW1lcm1vei5lZHUuYXJcL3Y1XC93cC1jb250ZW50XC91cGxvYWRzXC9FbC1yZWdhbG8tQ29ydG8tZ2FuYWRvci5qcGVnIiwic2xpZGVzaG93IjoiMjA5NjJlMiJ9\">\n\t\t\t\t\t<div class=\"e-gallery-image elementor-gallery-item__image\" data-thumbnail=\"https:\/\/lyceemermoz.edu.ar\/v5\/wp-content\/uploads\/El-regalo-Corto-ganador-225x300.jpeg\" data-width=\"225\" data-height=\"300\" aria-label=\"Premio Concours petit ecran\" role=\"img\" ><\/div>\n\t\t\t\t\t\t\t\t\t\t\t<div class=\"elementor-gallery-item__overlay\"><\/div>\n\t\t\t\t\t\t\t\t\t\t\t\t\t\t<\/a>\n\t\t\t\t\t\t\t<a class=\"e-gallery-item elementor-gallery-item elementor-animated-content\" href=\"https:\/\/lyceemermoz.edu.ar\/v5\/wp-content\/uploads\/Los-otros-participantes.jpeg\" data-elementor-open-lightbox=\"yes\" data-elementor-lightbox-slideshow=\"20962e2\" data-elementor-lightbox-title=\"Los otros participantes\" data-e-action-hash=\"#elementor-action%3Aaction%3Dlightbox%26settings%3DeyJpZCI6MzMzMzQsInVybCI6Imh0dHBzOlwvXC9seWNlZW1lcm1vei5lZHUuYXJcL3Y1XC93cC1jb250ZW50XC91cGxvYWRzXC9Mb3Mtb3Ryb3MtcGFydGljaXBhbnRlcy5qcGVnIiwic2xpZGVzaG93IjoiMjA5NjJlMiJ9\">\n\t\t\t\t\t<div class=\"e-gallery-image elementor-gallery-item__image\" data-thumbnail=\"https:\/\/lyceemermoz.edu.ar\/v5\/wp-content\/uploads\/Los-otros-participantes-300x225.jpeg\" data-width=\"300\" data-height=\"225\" aria-label=\"\" role=\"img\" ><\/div>\n\t\t\t\t\t\t\t\t\t\t\t<div class=\"elementor-gallery-item__overlay\"><\/div>\n\t\t\t\t\t\t\t\t\t\t\t\t\t\t<\/a>\n\t\t\t\t\t\t\t<a class=\"e-gallery-item elementor-gallery-item elementor-animated-content\" href=\"https:\/\/lyceemermoz.edu.ar\/v5\/wp-content\/uploads\/WhatsApp-Image-2025-11-28-at-14.53.06-copie.jpeg\" data-elementor-open-lightbox=\"yes\" data-elementor-lightbox-slideshow=\"20962e2\" data-elementor-lightbox-title=\"WhatsApp Image 2025-11-28 at 14.53.06 copie\" data-e-action-hash=\"#elementor-action%3Aaction%3Dlightbox%26settings%3DeyJpZCI6MzMzMzUsInVybCI6Imh0dHBzOlwvXC9seWNlZW1lcm1vei5lZHUuYXJcL3Y1XC93cC1jb250ZW50XC91cGxvYWRzXC9XaGF0c0FwcC1JbWFnZS0yMDI1LTExLTI4LWF0LTE0LjUzLjA2LWNvcGllLmpwZWciLCJzbGlkZXNob3ciOiIyMDk2MmUyIn0%3D\">\n\t\t\t\t\t<div class=\"e-gallery-image elementor-gallery-item__image\" data-thumbnail=\"https:\/\/lyceemermoz.edu.ar\/v5\/wp-content\/uploads\/WhatsApp-Image-2025-11-28-at-14.53.06-copie-169x300.jpeg\" data-width=\"169\" data-height=\"300\" aria-label=\"\" role=\"img\" ><\/div>\n\t\t\t\t\t\t\t\t\t\t\t<div class=\"elementor-gallery-item__overlay\"><\/div>\n\t\t\t\t\t\t\t\t\t\t\t\t\t\t<\/a>\n\t\t\t\t\t\t\t<a class=\"e-gallery-item elementor-gallery-item elementor-animated-content\" href=\"https:\/\/lyceemermoz.edu.ar\/v5\/wp-content\/uploads\/WhatsApp-Image-2025-11-28-at-14.53.20-2.jpeg\" data-elementor-open-lightbox=\"yes\" data-elementor-lightbox-slideshow=\"20962e2\" data-elementor-lightbox-title=\"WhatsApp Image 2025-11-28 at 14.53.20 (2)\" data-e-action-hash=\"#elementor-action%3Aaction%3Dlightbox%26settings%3DeyJpZCI6MzMzMzgsInVybCI6Imh0dHBzOlwvXC9seWNlZW1lcm1vei5lZHUuYXJcL3Y1XC93cC1jb250ZW50XC91cGxvYWRzXC9XaGF0c0FwcC1JbWFnZS0yMDI1LTExLTI4LWF0LTE0LjUzLjIwLTIuanBlZyIsInNsaWRlc2hvdyI6IjIwOTYyZTIifQ%3D%3D\">\n\t\t\t\t\t<div class=\"e-gallery-image elementor-gallery-item__image\" data-thumbnail=\"https:\/\/lyceemermoz.edu.ar\/v5\/wp-content\/uploads\/WhatsApp-Image-2025-11-28-at-14.53.20-2-169x300.jpeg\" data-width=\"169\" data-height=\"300\" aria-label=\"\" role=\"img\" ><\/div>\n\t\t\t\t\t\t\t\t\t\t\t<div class=\"elementor-gallery-item__overlay\"><\/div>\n\t\t\t\t\t\t\t\t\t\t\t\t\t\t<\/a>\n\t\t\t\t\t\t\t<a class=\"e-gallery-item elementor-gallery-item elementor-animated-content\" href=\"https:\/\/lyceemermoz.edu.ar\/v5\/wp-content\/uploads\/WhatsApp-Image-2025-11-28-at-14.53.22-1.jpeg\" data-elementor-open-lightbox=\"yes\" data-elementor-lightbox-slideshow=\"20962e2\" data-elementor-lightbox-title=\"WhatsApp Image 2025-11-28 at 14.53.22 (1)\" data-e-action-hash=\"#elementor-action%3Aaction%3Dlightbox%26settings%3DeyJpZCI6MzMzNDAsInVybCI6Imh0dHBzOlwvXC9seWNlZW1lcm1vei5lZHUuYXJcL3Y1XC93cC1jb250ZW50XC91cGxvYWRzXC9XaGF0c0FwcC1JbWFnZS0yMDI1LTExLTI4LWF0LTE0LjUzLjIyLTEuanBlZyIsInNsaWRlc2hvdyI6IjIwOTYyZTIifQ%3D%3D\">\n\t\t\t\t\t<div class=\"e-gallery-image elementor-gallery-item__image\" data-thumbnail=\"https:\/\/lyceemermoz.edu.ar\/v5\/wp-content\/uploads\/WhatsApp-Image-2025-11-28-at-14.53.22-1-169x300.jpeg\" data-width=\"169\" data-height=\"300\" aria-label=\"\" role=\"img\" ><\/div>\n\t\t\t\t\t\t\t\t\t\t\t<div class=\"elementor-gallery-item__overlay\"><\/div>\n\t\t\t\t\t\t\t\t\t\t\t\t\t\t<\/a>\n\t\t\t\t\t\t\t<a class=\"e-gallery-item elementor-gallery-item elementor-animated-content\" href=\"https:\/\/lyceemermoz.edu.ar\/v5\/wp-content\/uploads\/WhatsApp-Image-2025-11-28-at-14.53.22.jpeg\" data-elementor-open-lightbox=\"yes\" data-elementor-lightbox-slideshow=\"20962e2\" data-elementor-lightbox-title=\"WhatsApp Image 2025-11-28 at 14.53.22\" data-e-action-hash=\"#elementor-action%3Aaction%3Dlightbox%26settings%3DeyJpZCI6MzMzNDEsInVybCI6Imh0dHBzOlwvXC9seWNlZW1lcm1vei5lZHUuYXJcL3Y1XC93cC1jb250ZW50XC91cGxvYWRzXC9XaGF0c0FwcC1JbWFnZS0yMDI1LTExLTI4LWF0LTE0LjUzLjIyLmpwZWciLCJzbGlkZXNob3ciOiIyMDk2MmUyIn0%3D\">\n\t\t\t\t\t<div class=\"e-gallery-image elementor-gallery-item__image\" data-thumbnail=\"https:\/\/lyceemermoz.edu.ar\/v5\/wp-content\/uploads\/WhatsApp-Image-2025-11-28-at-14.53.22-169x300.jpeg\" data-width=\"169\" data-height=\"300\" aria-label=\"\" role=\"img\" ><\/div>\n\t\t\t\t\t\t\t\t\t\t\t<div class=\"elementor-gallery-item__overlay\"><\/div>\n\t\t\t\t\t\t\t\t\t\t\t\t\t\t<\/a>\n\t\t\t\t\t<\/div>\n\t\t\t\t\t<\/div>\n\t\t\t\t<div class=\"elementor-element elementor-element-68136d4 elementor-widget elementor-widget-spacer\" data-id=\"68136d4\" data-element_type=\"widget\" data-e-type=\"widget\" data-widget_type=\"spacer.default\">\n\t\t\t\t\t\t\t<div class=\"elementor-spacer\">\n\t\t\t<div class=\"elementor-spacer-inner\"><\/div>\n\t\t<\/div>\n\t\t\t\t\t\t<\/div>\n\t\t\t\t<div class=\"elementor-element elementor-element-fbc2126 elementor-widget elementor-widget-heading\" data-id=\"fbc2126\" data-element_type=\"widget\" data-e-type=\"widget\" data-widget_type=\"heading.default\">\n\t\t\t\t\t<h2 class=\"elementor-heading-title elementor-size-default\">Contexto del Concurso \"Historias de Celular\"<\/h2>\t\t\t\t<\/div>\n\t\t\t\t<div class=\"elementor-element elementor-element-7301c24 elementor-widget elementor-widget-text-editor\" data-id=\"7301c24\" data-element_type=\"widget\" data-e-type=\"widget\" data-widget_type=\"text-editor.default\">\n\t\t\t\t\t\t\t\t\t<p data-start=\"1608\" data-end=\"1741\">Lanzado en junio de este a\u00f1o, el Concurso \u201cPetit \u00c9cran\u201d invitaba a los alumnos a realizar un video de un m\u00e1ximo de 3 minutos a partir de un tema general: <strong data-start=\"223\" data-end=\"249\">\u201cHistorias de celular\u201d<\/strong>.<br \/>Una \u00fanica consigna para nuestros j\u00f3venes realizadores: <strong data-start=\"308\" data-end=\"353\">utilizar exclusivamente un tel\u00e9fono m\u00f3vil<\/strong>.<\/p><p><b>Siete grupos de alumnos se presentaron :<br \/><\/b><span style=\"font-size: 1.0625rem;\">\u201cEl regalo\u201d: Gala Portal &#8211; Teo Roussel &#8211; Santiago Le\u00f3n Berthier &#8211; Francisca Togni<br \/><\/span><span style=\"font-size: 1.0625rem;\">\u201cEl apag\u00f3n\u201d: Juliette Gillot &#8211; Rafael Arias &#8211; Paula Morey Asvanian<br \/><\/span><span style=\"font-size: 1.0625rem;\">\u201cSarah a trav\u00e9s de la pantalla\u201d: Olivia Grun &#8211; Clara Oliveira Stegmann<br \/><\/span><span style=\"font-size: 1.0625rem;\">\u201cEl tel\u00e9fono\u201d : Guadalupe Jord\u00e1n &#8211; Julianna Uziel<br \/><\/span><span style=\"font-size: 1.0625rem;\">\u201cL\u2019origine du t\u00e9l\u00e9phone\u201d : Luc\u00eda Gonz\u00e1lez Le\u00f3n &#8211; Lilya Elaasraoui &#8211; Margarita Garcia\u00a0<\/span><span style=\"font-size: 1.0625rem;\">Kahn &#8211; Luna Piaggio<br \/><\/span><span style=\"font-size: 1.0625rem;\">\u201cMinecraft\u201d: Amalia Sof\u00eda M\u00e9ndez &#8211; Isabel Raspagliesi<br \/><\/span><span style=\"font-size: 1.0625rem;\">\u201cOtro video o video del otro\u201d: Julian Chapt<\/span><\/p>\t\t\t\t\t\t\t\t<\/div>\n\t\t\t\t<div class=\"elementor-element elementor-element-bc71365 elementor-widget elementor-widget-heading\" data-id=\"bc71365\" data-element_type=\"widget\" data-e-type=\"widget\" data-widget_type=\"heading.default\">\n\t\t\t\t\t<h2 class=\"elementor-heading-title elementor-size-default\">\"El Regalo\" : el gran ganador \nde esta primera edici\u00f3n  <\/h2>\t\t\t\t<\/div>\n\t\t\t\t<div class=\"elementor-element elementor-element-97c7979 elementor-widget elementor-widget-text-editor\" data-id=\"97c7979\" data-element_type=\"widget\" data-e-type=\"widget\" data-widget_type=\"text-editor.default\">\n\t\t\t\t\t\t\t\t\t<p data-start=\"66\" data-end=\"365\">Este concurso puso de relieve el talento, la creatividad y el compromiso de los alumnos del Lyc\u00e9e Franco-Argentin Jean Mermoz. Sus producciones audiovisuales revelaron la necesidad de expresarse, contar sus experiencias y compartir su realidad. Y todos lograron hacerlo con precisi\u00f3n y sensibilidad.<\/p><p data-start=\"367\" data-end=\"604\">El jurado, compuesto por las autoridades del Lyc\u00e9e Franco-Argentin Jean Mermoz, <a href=\"https:\/\/www.linkedin.com\/in\/fran%C3%A7oise-sturbaut-11880542\/?originalSubdomain=ar\" target=\"_blank\" rel=\"noopener\">Fran\u00e7oise Sturbaut rectora<\/a> por <a href=\"https:\/\/es.wikipedia.org\/wiki\/Alejandro_Maci\" target=\"_blank\" rel=\"noopener\">Alejandro Maci, director y cineasta<\/a>, y por <a href=\"http:\/\/linkedin.com\/in\/nicolas-alvarez-pontiroli-75b14444?originalSubdomain=ar\" target=\"_blank\" rel=\"noopener\">Nicol\u00e1s \u00c1lvarez Pontiroli,<\/a> tuvo la dif\u00edcil tarea de elegir un ganador entre videos de gran calidad.<\/p><p data-start=\"606\" data-end=\"830\">Finalmente, <strong data-start=\"618\" data-end=\"633\">\u201cEl Regalo\u201d<\/strong> obtuvo el primer premio de esta primera edici\u00f3n. Sus creadores tendr\u00e1n la gran alegr\u00eda de participar en 2026 en una jornada de rodaje y de ver su video compartido en todas nuestras redes sociales<\/p>\t\t\t\t\t\t\t\t<\/div>\n\t\t\t\t<div class=\"elementor-element elementor-element-a841e33 elementor-widget elementor-widget-video\" data-id=\"a841e33\" data-element_type=\"widget\" data-e-type=\"widget\" data-settings=\"{&quot;youtube_url&quot;:&quot;https:\\\/\\\/youtu.be\\\/im5OnYFxgNs&quot;,&quot;video_type&quot;:&quot;youtube&quot;,&quot;controls&quot;:&quot;yes&quot;}\" data-widget_type=\"video.default\">\n\t\t\t\t\t\t\t<div class=\"elementor-wrapper elementor-open-inline\">\n\t\t\t<div class=\"elementor-video\"><\/div>\t\t<\/div>\n\t\t\t\t\t\t<\/div>\n\t\t\t\t<div class=\"elementor-element elementor-element-54f58a4 elementor--h-position-center elementor--v-position-middle elementor-arrows-position-inside elementor-pagination-position-inside elementor-widget elementor-widget-slides\" data-id=\"54f58a4\" data-element_type=\"widget\" data-e-type=\"widget\" data-settings=\"{&quot;navigation&quot;:&quot;both&quot;,&quot;autoplay&quot;:&quot;yes&quot;,&quot;pause_on_hover&quot;:&quot;yes&quot;,&quot;pause_on_interaction&quot;:&quot;yes&quot;,&quot;autoplay_speed&quot;:5000,&quot;infinite&quot;:&quot;yes&quot;,&quot;transition&quot;:&quot;slide&quot;,&quot;transition_speed&quot;:500}\" data-widget_type=\"slides.default\">\n\t\t\t\t\t\t\t\t\t\t<div class=\"elementor-slides-wrapper elementor-main-swiper swiper\" role=\"region\" aria-roledescription=\"carousel\" aria-label=\"Diapositives\" dir=\"ltr\" data-animation=\"fadeInUp\">\n\t\t\t\t<div class=\"swiper-wrapper elementor-slides\">\n\t\t\t\t\t\t\t\t\t\t<div class=\"elementor-repeater-item-25a74e8 swiper-slide\" role=\"group\" aria-roledescription=\"slide\"><div class=\"swiper-slide-bg\"><\/div><div class=\"swiper-slide-inner\" ><div class=\"swiper-slide-contents\"><div class=\"elementor-slide-heading\">1er Prix \u201cEl regalo\u201d<\/div><div class=\"elementor-slide-description\">Une production de Gala Portal, Teo Roussel, Santiago Le\u00f3n Berthier, Francisca Togni<\/div><\/div><\/div><\/div><div class=\"elementor-repeater-item-712fdaa swiper-slide\" role=\"group\" aria-roledescription=\"slide\"><div class=\"swiper-slide-bg\"><\/div><div class=\"swiper-slide-inner\" ><div class=\"swiper-slide-contents\"><div class=\"elementor-slide-heading\">2\u00e8me Prix Ex Aequo \u201cEl apag\u00f3n\u201d <\/div><div class=\"elementor-slide-description\">\u201cEl apag\u00f3n\u201d: Juliette Gillot - Rafael Arias - Paula Morey Asvanian\n<\/div><\/div><\/div><\/div><div class=\"elementor-repeater-item-7143fc8 swiper-slide\" role=\"group\" aria-roledescription=\"slide\"><div class=\"swiper-slide-bg\"><\/div><div class=\"swiper-slide-inner\" ><div class=\"swiper-slide-contents\"><div class=\"elementor-slide-heading\">2\u00e8me Prix Ex Aequo \u201cSarah a trav\u00e9s de la pantalla\u201d<\/div><div class=\"elementor-slide-description\">\u201cSarah a trav\u00e9s de la pantalla\u201d: Olivia Grun - Clara Oliveira Stegmann<\/div><\/div><\/div><\/div>\t\t\t\t<\/div>\n\t\t\t\t\t\t\t\t\t\t\t\t\t\t\t<div class=\"elementor-swiper-button elementor-swiper-button-prev\" role=\"button\" tabindex=\"0\" aria-label=\"Diapositive pr\u00e9c\u00e9dente\">\n\t\t\t\t\t\t\t<svg aria-hidden=\"true\" class=\"e-font-icon-svg e-eicon-chevron-left\" viewBox=\"0 0 1000 1000\" xmlns=\"http:\/\/www.w3.org\/2000\/svg\"><path d=\"M646 125C629 125 613 133 604 142L308 442C296 454 292 471 292 487 292 504 296 521 308 533L604 854C617 867 629 875 646 875 663 875 679 871 692 858 704 846 713 829 713 812 713 796 708 779 692 767L438 487 692 225C700 217 708 204 708 187 708 171 704 154 692 142 675 129 663 125 646 125Z\"><\/path><\/svg>\t\t\t\t\t\t<\/div>\n\t\t\t\t\t\t<div class=\"elementor-swiper-button elementor-swiper-button-next\" role=\"button\" tabindex=\"0\" aria-label=\"Diapositive suivante\">\n\t\t\t\t\t\t\t<svg aria-hidden=\"true\" class=\"e-font-icon-svg e-eicon-chevron-right\" viewBox=\"0 0 1000 1000\" xmlns=\"http:\/\/www.w3.org\/2000\/svg\"><path d=\"M696 533C708 521 713 504 713 487 713 471 708 454 696 446L400 146C388 133 375 125 354 125 338 125 325 129 313 142 300 154 292 171 292 187 292 204 296 221 308 233L563 492 304 771C292 783 288 800 288 817 288 833 296 850 308 863 321 871 338 875 354 875 371 875 388 867 400 854L696 533Z\"><\/path><\/svg>\t\t\t\t\t\t<\/div>\n\t\t\t\t\t\t\t\t\t\t\t\t\t\t\t\t<div class=\"swiper-pagination\"><\/div>\n\t\t\t\t\t\t\t\t\t\t\t\t<\/div>\n\t\t\t\t\t\t\t\t<\/div>\n\t\t\t\t<div class=\"elementor-element elementor-element-5a65067 elementor-widget elementor-widget-spacer\" data-id=\"5a65067\" data-element_type=\"widget\" data-e-type=\"widget\" data-widget_type=\"spacer.default\">\n\t\t\t\t\t\t\t<div class=\"elementor-spacer\">\n\t\t\t<div class=\"elementor-spacer-inner\"><\/div>\n\t\t<\/div>\n\t\t\t\t\t\t<\/div>\n\t\t\t\t<div class=\"elementor-element elementor-element-82b436b elementor-widget elementor-widget-heading\" data-id=\"82b436b\" data-element_type=\"widget\" data-e-type=\"widget\" data-widget_type=\"heading.default\">\n\t\t\t\t\t<h2 class=\"elementor-heading-title elementor-size-default\">Un concurso acompa\u00f1ado por profesionales reconocidos en el \u00e1mbito del cine argentino <\/h2>\t\t\t\t<\/div>\n\t\t\t\t<div class=\"elementor-element elementor-element-3bdc01d elementor-widget elementor-widget-text-editor\" data-id=\"3bdc01d\" data-element_type=\"widget\" data-e-type=\"widget\" data-widget_type=\"text-editor.default\">\n\t\t\t\t\t\t\t\t\t<p data-start=\"65\" data-end=\"298\">Los alumnos inscriptos no se lanzaron al azar.<br data-start=\"111\" data-end=\"114\" \/>De hecho, Guadalupe Toledo, Laura Gismondi y Susana Far\u00edas tuvieron la excelente idea de convocar a grandes referentes del \u00e1mbito cinematogr\u00e1fico argentino para enriquecer el proyecto.<\/p><p data-start=\"300\" data-end=\"440\">As\u00ed, nuestros siete grupos de trabajo pudieron participar de dos talleres de formaci\u00f3n profesional, de tres horas cada uno, dirigidos por:<\/p><p data-start=\"300\" data-end=\"440\"><strong style=\"font-size: 1.0625rem;\" data-start=\"443\" data-end=\"461\">Alejandro Maci<\/strong><span style=\"font-size: 1.0625rem;\">, director y cineasta<br \/><\/span><strong style=\"font-size: 1.0625rem;\" data-start=\"487\" data-end=\"516\">Nicol\u00e1s \u00c1lvarez Pontiroli<\/strong><span style=\"font-size: 1.0625rem;\">, director del Departamento de Gesti\u00f3n Audiovisual de la <a href=\"https:\/\/www.uade.edu.ar\/carreras\/entretenimiento-deportes-y-artes-escenicas\/\" target=\"_blank\" rel=\"noopener\">Universidad Argentina de la Empresa (UADE).<\/a><\/span><\/p><p data-start=\"620\" data-end=\"800\">El objetivo de estas dos instancias fue brindar a los alumnos inscriptos conocimientos t\u00e9cnicos sobre temas fundamentales como el <strong data-start=\"750\" data-end=\"759\">guion<\/strong>, la <strong data-start=\"764\" data-end=\"779\">realizaci\u00f3n<\/strong> y la <strong data-start=\"785\" data-end=\"799\">producci\u00f3n<\/strong>.<\/p>\t\t\t\t\t\t\t\t<\/div>\n\t\t\t\t<div class=\"elementor-element elementor-element-6e44f94 elementor-widget elementor-widget-text-editor\" data-id=\"6e44f94\" data-element_type=\"widget\" data-e-type=\"widget\" data-widget_type=\"text-editor.default\">\n\t\t\t\t\t\t\t\t\t<p data-start=\"44\" data-end=\"171\"><strong>Los alumnos se expresaron con emoci\u00f3n y sinceridad durante la entrega de premios.<\/strong><br data-start=\"125\" data-end=\"128\" \/><strong>Sus palabras conmovieron a todo el p\u00fablico.<\/strong><\/p>\t\t\t\t\t\t\t\t<\/div>\n\t\t\t\t<div class=\"elementor-element elementor-element-b130293 elementor-testimonial--skin-default elementor-testimonial--layout-image_inline elementor-testimonial--align-center elementor-arrows-yes elementor-pagination-type-bullets elementor-widget elementor-widget-testimonial-carousel\" data-id=\"b130293\" data-element_type=\"widget\" data-e-type=\"widget\" data-settings=\"{&quot;show_arrows&quot;:&quot;yes&quot;,&quot;pagination&quot;:&quot;bullets&quot;,&quot;speed&quot;:500,&quot;autoplay&quot;:&quot;yes&quot;,&quot;autoplay_speed&quot;:5000,&quot;loop&quot;:&quot;yes&quot;,&quot;pause_on_hover&quot;:&quot;yes&quot;,&quot;pause_on_interaction&quot;:&quot;yes&quot;,&quot;space_between&quot;:{&quot;unit&quot;:&quot;px&quot;,&quot;size&quot;:10,&quot;sizes&quot;:[]},&quot;space_between_tablet&quot;:{&quot;unit&quot;:&quot;px&quot;,&quot;size&quot;:10,&quot;sizes&quot;:[]},&quot;space_between_mobile&quot;:{&quot;unit&quot;:&quot;px&quot;,&quot;size&quot;:10,&quot;sizes&quot;:[]}}\" data-widget_type=\"testimonial-carousel.default\">\n\t\t\t\t\t\t\t\t\t\t<div class=\"elementor-main-swiper swiper\" role=\"region\" aria-roledescription=\"carousel\" aria-label=\"Diapositives\">\n\t\t\t\t<div class=\"swiper-wrapper\">\n\t\t\t\t\t\t\t\t\t\t\t<div class=\"swiper-slide\" role=\"group\" aria-roledescription=\"slide\">\n\t\t\t\t\t\t\t\t\t<div class=\"elementor-testimonial\">\n\t\t\t\t\t\t\t<div class=\"elementor-testimonial__content\">\n\t\t\t\t\t<div class=\"elementor-testimonial__text\">\n\t\t\t\t\t\t\u00ab Este proyecto fue tan interesante que no dej\u00e9 de pensar en  los diferentes escenarios posibles para mi pr\u00f3xima producci\u00f3n. \u00bb\t\t\t\t\t<\/div>\n\t\t\t\t\t\t\t\t\t<\/div>\n\t\t\t\t\t\t<div class=\"elementor-testimonial__footer\">\n\t\t\t\t\t\t\t\t\t<div class=\"elementor-testimonial__image\">\n\t\t\t\t\t\t<img decoding=\"async\" src=\"https:\/\/lyceemermoz.edu.ar\/v5\/wp-content\/uploads\/Capture-decran-2025-09-17-a-17.10.24.png\" alt=\"AEFE Couleur\">\n\t\t\t\t\t\t\t\t\t\t\t<\/div>\n\t\t\t\t\t\t\t\t\t\t\t<\/div>\n\t\t<\/div>\n\t\t\t\t\t\t\t\t<\/div>\n\t\t\t\t\t\t\t\t\t\t\t<div class=\"swiper-slide\" role=\"group\" aria-roledescription=\"slide\">\n\t\t\t\t\t\t\t\t\t<div class=\"elementor-testimonial\">\n\t\t\t\t\t\t\t<div class=\"elementor-testimonial__content\">\n\t\t\t\t\t<div class=\"elementor-testimonial__text\">\n\t\t\t\t\t\t\u00ab Queremos seguir profundizando este universo ; estamos en la actualidad cursando distintos tipos de cursos, como por ejemplo un curso de teatro . \u00bb\t\t\t\t\t<\/div>\n\t\t\t\t\t\t\t\t\t<\/div>\n\t\t\t\t\t\t<div class=\"elementor-testimonial__footer\">\n\t\t\t\t\t\t\t\t\t<div class=\"elementor-testimonial__image\">\n\t\t\t\t\t\t<img decoding=\"async\" src=\"https:\/\/lyceemermoz.edu.ar\/v5\/wp-content\/uploads\/Capture-decran-2025-09-17-a-17.10.24.png\" alt=\"AEFE Couleur\">\n\t\t\t\t\t\t\t\t\t\t\t<\/div>\n\t\t\t\t\t\t\t\t\t\t\t<\/div>\n\t\t<\/div>\n\t\t\t\t\t\t\t\t<\/div>\n\t\t\t\t\t\t\t\t\t\t\t<div class=\"swiper-slide\" role=\"group\" aria-roledescription=\"slide\">\n\t\t\t\t\t\t\t\t\t<div class=\"elementor-testimonial\">\n\t\t\t\t\t\t\t<div class=\"elementor-testimonial__content\">\n\t\t\t\t\t<div class=\"elementor-testimonial__text\">\n\t\t\t\t\t\t\u00ab Es el mejor proyecto que realice en la escuela. \u00bb\t\t\t\t\t<\/div>\n\t\t\t\t\t\t\t\t\t<\/div>\n\t\t\t\t\t\t<div class=\"elementor-testimonial__footer\">\n\t\t\t\t\t\t\t\t\t<div class=\"elementor-testimonial__image\">\n\t\t\t\t\t\t<img decoding=\"async\" src=\"https:\/\/lyceemermoz.edu.ar\/v5\/wp-content\/uploads\/Capture-decran-2025-09-17-a-17.10.24.png\" alt=\"AEFE Couleur\">\n\t\t\t\t\t\t\t\t\t\t\t<\/div>\n\t\t\t\t\t\t\t\t\t\t\t<\/div>\n\t\t<\/div>\n\t\t\t\t\t\t\t\t<\/div>\n\t\t\t\t\t\t\t\t\t<\/div>\n\t\t\t\t\t\t\t\t\t\t\t\t\t\t\t<div class=\"elementor-swiper-button elementor-swiper-button-prev\" role=\"button\" tabindex=\"0\" aria-label=\"Pr\u00e9c\u00e9dent\">\n\t\t\t\t\t\t\t<svg aria-hidden=\"true\" class=\"e-font-icon-svg e-eicon-chevron-left\" viewBox=\"0 0 1000 1000\" xmlns=\"http:\/\/www.w3.org\/2000\/svg\"><path d=\"M646 125C629 125 613 133 604 142L308 442C296 454 292 471 292 487 292 504 296 521 308 533L604 854C617 867 629 875 646 875 663 875 679 871 692 858 704 846 713 829 713 812 713 796 708 779 692 767L438 487 692 225C700 217 708 204 708 187 708 171 704 154 692 142 675 129 663 125 646 125Z\"><\/path><\/svg>\t\t\t\t\t\t<\/div>\n\t\t\t\t\t\t<div class=\"elementor-swiper-button elementor-swiper-button-next\" role=\"button\" tabindex=\"0\" aria-label=\"Suivant\">\n\t\t\t\t\t\t\t<svg aria-hidden=\"true\" class=\"e-font-icon-svg e-eicon-chevron-right\" viewBox=\"0 0 1000 1000\" xmlns=\"http:\/\/www.w3.org\/2000\/svg\"><path d=\"M696 533C708 521 713 504 713 487 713 471 708 454 696 446L400 146C388 133 375 125 354 125 338 125 325 129 313 142 300 154 292 171 292 187 292 204 296 221 308 233L563 492 304 771C292 783 288 800 288 817 288 833 296 850 308 863 321 871 338 875 354 875 371 875 388 867 400 854L696 533Z\"><\/path><\/svg>\t\t\t\t\t\t<\/div>\n\t\t\t\t\t\t\t\t\t\t\t\t\t\t\t\t<div class=\"swiper-pagination\"><\/div>\n\t\t\t\t\t\t\t\t\t\t\t\t<\/div>\n\t\t\t\t\t\t\t\t<\/div>\n\t\t\t\t<div class=\"elementor-element elementor-element-c75e889 elementor-widget elementor-widget-text-editor\" data-id=\"c75e889\" data-element_type=\"widget\" data-e-type=\"widget\" data-widget_type=\"text-editor.default\">\n\t\t\t\t\t\t\t\t\t<h4>Todos nuestros agradecimientos van a&#8230;<\/h4><p data-start=\"44\" data-end=\"217\">Aprovechamos este art\u00edculo para agradecer una vez m\u00e1s a Susana Far\u00edas, Laura Gismondi y Guadalupe Toledo por esta iniciativa original y tan formativa para toda la comunidad.<\/p><p data-start=\"219\" data-end=\"397\">Esperamos ya con entusiasmo la segunda edici\u00f3n y estamos convencidos de que este concurso atraer\u00e1 a\u00fan a m\u00e1s participantes y despertar\u00e1, en algunos alumnos, verdaderas vocaciones.<\/p>\t\t\t\t\t\t\t\t<\/div>\n\t\t\t\t<div class=\"elementor-element elementor-element-98e0e10 elementor-widget__width-initial elementor-widget elementor-widget-text-editor\" data-id=\"98e0e10\" data-element_type=\"widget\" data-e-type=\"widget\" data-widget_type=\"text-editor.default\">\n\t\t\t\t\t\t\t\t\t<h5 data-start=\"44\" data-end=\"164\"><strong data-start=\"44\" data-end=\"164\">Informaci\u00f3n sobre el trabajo realizado por la Direcci\u00f3n del LJM <br \/><\/strong><strong data-start=\"44\" data-end=\"164\">en torno a un uso responsable del tel\u00e9fono celular<\/strong><\/h5><p data-start=\"166\" data-end=\"414\">A lo largo de todo el a\u00f1o escolar, la Direcci\u00f3n del Liceo ha trabajado de la mano de las familias y del equipo de <a href=\"https:\/\/www.monicatoscanopreventioninact.com\/index.html\" target=\"_blank\" rel=\"noopener\"><strong data-start=\"1068\" data-end=\"1106\">M\u00f3nica Toscano Prevention in Act con<\/strong><\/a>\u00a0el fin de comprender mejor la relaci\u00f3n que los j\u00f3venes mantienen hoy con los tel\u00e9fonos celulares.<\/p><p data-start=\"416\" data-end=\"573\">El concurso \u00abPetit \u00c9cran\u00bb viene a coronar este trabajo colectivo. Le da una forma tangible a la toma de conciencia de los alumnos frente al uso del tel\u00e9fono.<\/p><p data-start=\"575\" data-end=\"710\">Varios de los videos presentados dan testimonio de una mirada cr\u00edtica y de la voluntad de comprender mejor esta relaci\u00f3n y dependencia.<\/p>\t\t\t\t\t\t\t\t<\/div>\n\t\t\t\t<div class=\"elementor-element elementor-element-a29c2db elementor-widget elementor-widget-spacer\" data-id=\"a29c2db\" data-element_type=\"widget\" data-e-type=\"widget\" data-widget_type=\"spacer.default\">\n\t\t\t\t\t\t\t<div class=\"elementor-spacer\">\n\t\t\t<div class=\"elementor-spacer-inner\"><\/div>\n\t\t<\/div>\n\t\t\t\t\t\t<\/div>\n\t\t\t\t\t<\/div>\n\t\t<\/div>\n\t\t\t\t\t<\/div>\n\t\t<\/section>\n\t\t\t\t<\/div>\n\t\t","protected":false},"excerpt":{"rendered":"<p>El jueves 26 de noviembre pasado, tuvimos el placer de asistir a la entrega de premios de la primera edici\u00f3n del Concurso de video \u201cHistorias de Celular\u201d, dirigido a todos nuestros alumnos de secundaria.<\/p>\n","protected":false},"author":13,"featured_media":33529,"comment_status":"closed","ping_status":"closed","sticky":false,"template":"","format":"standard","meta":{"iawp_total_views":1,"footnotes":""},"categories":[195,204],"tags":[219],"class_list":["post-33374","post","type-post","status-publish","format-standard","has-post-thumbnail","hentry","category-actualidades","category-eventos","tag-cinema"],"yoast_head":"<!-- This site is optimized with the Yoast SEO plugin v27.4 - https:\/\/yoast.com\/product\/yoast-seo-wordpress\/ -->\n<title>Historias de Celular 2025: un concurso que revela la creatividad de nuestros alumnos y celebra una reflexi\u00f3n colectiva - Lyc\u00e9e Franco-Argentin Jean Mermoz<\/title>\n<meta name=\"description\" content=\"Descubre al gran ganador de la primera edici\u00f3n de Petit \u00c9cran 2025, un concurso que pone de relieve la creatividad de nuestros estudiantes.\" \/>\n<meta name=\"robots\" content=\"index, follow, max-snippet:-1, max-image-preview:large, max-video-preview:-1\" \/>\n<link rel=\"canonical\" href=\"https:\/\/lyceemermoz.edu.ar\/v5\/petit-ecran-2025-un-concurso-que-revela-la-creatividad-de-nuestros-alumnos-y-celebra-una-reflexion-colectiva\/\" \/>\n<meta property=\"og:locale\" content=\"fr_FR\" \/>\n<meta property=\"og:type\" content=\"article\" \/>\n<meta property=\"og:title\" content=\"Historias de Celular 2025: un concurso que revela la creatividad de nuestros alumnos y celebra una reflexi\u00f3n colectiva - Lyc\u00e9e Franco-Argentin Jean Mermoz\" \/>\n<meta property=\"og:description\" content=\"Descubre al gran ganador de la primera edici\u00f3n de Petit \u00c9cran 2025, un concurso que pone de relieve la creatividad de nuestros estudiantes.\" \/>\n<meta property=\"og:url\" content=\"https:\/\/lyceemermoz.edu.ar\/v5\/petit-ecran-2025-un-concurso-que-revela-la-creatividad-de-nuestros-alumnos-y-celebra-una-reflexion-colectiva\/\" \/>\n<meta property=\"og:site_name\" content=\"Lyc\u00e9e Franco-Argentin Jean Mermoz\" \/>\n<meta property=\"article:published_time\" content=\"2025-12-04T13:47:14+00:00\" \/>\n<meta property=\"article:modified_time\" content=\"2025-12-05T20:11:10+00:00\" \/>\n<meta property=\"og:image\" content=\"https:\/\/lyceemermoz.edu.ar\/v5\/wp-content\/uploads\/Blog-1-2.jpg\" \/>\n\t<meta property=\"og:image:width\" content=\"1920\" \/>\n\t<meta property=\"og:image:height\" content=\"480\" \/>\n\t<meta property=\"og:image:type\" content=\"image\/jpeg\" \/>\n<meta name=\"author\" content=\"Corinne Petrelli\" \/>\n<meta name=\"twitter:card\" content=\"summary_large_image\" \/>\n<meta name=\"twitter:creator\" content=\"@LJMBuenosAires\" \/>\n<meta name=\"twitter:site\" content=\"@LJMBuenosAires\" \/>\n<meta name=\"twitter:label1\" content=\"\u00c9crit par\" \/>\n\t<meta name=\"twitter:data1\" content=\"Corinne Petrelli\" \/>\n\t<meta name=\"twitter:label2\" content=\"Dur\u00e9e de lecture estim\u00e9e\" \/>\n\t<meta name=\"twitter:data2\" content=\"5 minutes\" \/>\n<script type=\"application\/ld+json\" class=\"yoast-schema-graph\">{\"@context\":\"https:\\\/\\\/schema.org\",\"@graph\":[{\"@type\":\"Article\",\"@id\":\"https:\\\/\\\/lyceemermoz.edu.ar\\\/v5\\\/petit-ecran-2025-un-concurso-que-revela-la-creatividad-de-nuestros-alumnos-y-celebra-una-reflexion-colectiva\\\/#article\",\"isPartOf\":{\"@id\":\"https:\\\/\\\/lyceemermoz.edu.ar\\\/v5\\\/petit-ecran-2025-un-concurso-que-revela-la-creatividad-de-nuestros-alumnos-y-celebra-una-reflexion-colectiva\\\/\"},\"author\":{\"name\":\"Corinne Petrelli\",\"@id\":\"https:\\\/\\\/lyceemermoz.edu.ar\\\/v5\\\/#\\\/schema\\\/person\\\/37997257e6cb71fb35304efddbe67b47\"},\"headline\":\"Historias de Celular 2025: un concurso que revela la creatividad de nuestros alumnos y celebra una reflexi\u00f3n colectiva\",\"datePublished\":\"2025-12-04T13:47:14+00:00\",\"dateModified\":\"2025-12-05T20:11:10+00:00\",\"mainEntityOfPage\":{\"@id\":\"https:\\\/\\\/lyceemermoz.edu.ar\\\/v5\\\/petit-ecran-2025-un-concurso-que-revela-la-creatividad-de-nuestros-alumnos-y-celebra-una-reflexion-colectiva\\\/\"},\"wordCount\":847,\"publisher\":{\"@id\":\"https:\\\/\\\/lyceemermoz.edu.ar\\\/v5\\\/#organization\"},\"image\":{\"@id\":\"https:\\\/\\\/lyceemermoz.edu.ar\\\/v5\\\/petit-ecran-2025-un-concurso-que-revela-la-creatividad-de-nuestros-alumnos-y-celebra-una-reflexion-colectiva\\\/#primaryimage\"},\"thumbnailUrl\":\"https:\\\/\\\/lyceemermoz.edu.ar\\\/v5\\\/wp-content\\\/uploads\\\/Blog-1-2.jpg\",\"keywords\":[\"cinema\"],\"articleSection\":[\"ACTUALIDADES\",\"Eventos\"],\"inLanguage\":\"fr-FR\"},{\"@type\":\"WebPage\",\"@id\":\"https:\\\/\\\/lyceemermoz.edu.ar\\\/v5\\\/petit-ecran-2025-un-concurso-que-revela-la-creatividad-de-nuestros-alumnos-y-celebra-una-reflexion-colectiva\\\/\",\"url\":\"https:\\\/\\\/lyceemermoz.edu.ar\\\/v5\\\/petit-ecran-2025-un-concurso-que-revela-la-creatividad-de-nuestros-alumnos-y-celebra-una-reflexion-colectiva\\\/\",\"name\":\"Historias de Celular 2025: un concurso que revela la creatividad de nuestros alumnos y celebra una reflexi\u00f3n colectiva - Lyc\u00e9e Franco-Argentin Jean Mermoz\",\"isPartOf\":{\"@id\":\"https:\\\/\\\/lyceemermoz.edu.ar\\\/v5\\\/#website\"},\"primaryImageOfPage\":{\"@id\":\"https:\\\/\\\/lyceemermoz.edu.ar\\\/v5\\\/petit-ecran-2025-un-concurso-que-revela-la-creatividad-de-nuestros-alumnos-y-celebra-una-reflexion-colectiva\\\/#primaryimage\"},\"image\":{\"@id\":\"https:\\\/\\\/lyceemermoz.edu.ar\\\/v5\\\/petit-ecran-2025-un-concurso-que-revela-la-creatividad-de-nuestros-alumnos-y-celebra-una-reflexion-colectiva\\\/#primaryimage\"},\"thumbnailUrl\":\"https:\\\/\\\/lyceemermoz.edu.ar\\\/v5\\\/wp-content\\\/uploads\\\/Blog-1-2.jpg\",\"datePublished\":\"2025-12-04T13:47:14+00:00\",\"dateModified\":\"2025-12-05T20:11:10+00:00\",\"description\":\"Descubre al gran ganador de la primera edici\u00f3n de Petit \u00c9cran 2025, un concurso que pone de relieve la creatividad de nuestros estudiantes.\",\"breadcrumb\":{\"@id\":\"https:\\\/\\\/lyceemermoz.edu.ar\\\/v5\\\/petit-ecran-2025-un-concurso-que-revela-la-creatividad-de-nuestros-alumnos-y-celebra-una-reflexion-colectiva\\\/#breadcrumb\"},\"inLanguage\":\"fr-FR\",\"potentialAction\":[{\"@type\":\"ReadAction\",\"target\":[\"https:\\\/\\\/lyceemermoz.edu.ar\\\/v5\\\/petit-ecran-2025-un-concurso-que-revela-la-creatividad-de-nuestros-alumnos-y-celebra-una-reflexion-colectiva\\\/\"]}]},{\"@type\":\"ImageObject\",\"inLanguage\":\"fr-FR\",\"@id\":\"https:\\\/\\\/lyceemermoz.edu.ar\\\/v5\\\/petit-ecran-2025-un-concurso-que-revela-la-creatividad-de-nuestros-alumnos-y-celebra-una-reflexion-colectiva\\\/#primaryimage\",\"url\":\"https:\\\/\\\/lyceemermoz.edu.ar\\\/v5\\\/wp-content\\\/uploads\\\/Blog-1-2.jpg\",\"contentUrl\":\"https:\\\/\\\/lyceemermoz.edu.ar\\\/v5\\\/wp-content\\\/uploads\\\/Blog-1-2.jpg\",\"width\":1920,\"height\":480,\"caption\":\"Concours Histoires de Portable 2025\"},{\"@type\":\"BreadcrumbList\",\"@id\":\"https:\\\/\\\/lyceemermoz.edu.ar\\\/v5\\\/petit-ecran-2025-un-concurso-que-revela-la-creatividad-de-nuestros-alumnos-y-celebra-una-reflexion-colectiva\\\/#breadcrumb\",\"itemListElement\":[{\"@type\":\"ListItem\",\"position\":1,\"name\":\"Accueil\",\"item\":\"https:\\\/\\\/lyceemermoz.edu.ar\\\/v5\\\/\"},{\"@type\":\"ListItem\",\"position\":2,\"name\":\"Historias de Celular 2025: un concurso que revela la creatividad de nuestros alumnos y celebra una reflexi\u00f3n colectiva\"}]},{\"@type\":\"WebSite\",\"@id\":\"https:\\\/\\\/lyceemermoz.edu.ar\\\/v5\\\/#website\",\"url\":\"https:\\\/\\\/lyceemermoz.edu.ar\\\/v5\\\/\",\"name\":\"Lyc\u00e9e Franco-Argentin Jean Mermoz\",\"description\":\"Jean Mermoz, Buenos Aires\",\"publisher\":{\"@id\":\"https:\\\/\\\/lyceemermoz.edu.ar\\\/v5\\\/#organization\"},\"potentialAction\":[{\"@type\":\"SearchAction\",\"target\":{\"@type\":\"EntryPoint\",\"urlTemplate\":\"https:\\\/\\\/lyceemermoz.edu.ar\\\/v5\\\/?s={search_term_string}\"},\"query-input\":{\"@type\":\"PropertyValueSpecification\",\"valueRequired\":true,\"valueName\":\"search_term_string\"}}],\"inLanguage\":\"fr-FR\"},{\"@type\":\"Organization\",\"@id\":\"https:\\\/\\\/lyceemermoz.edu.ar\\\/v5\\\/#organization\",\"name\":\"Lyc\u00e9e Franco-Argentin Jean Mermoz - Liceo Franco-Argentino Jean Mermoz\",\"url\":\"https:\\\/\\\/lyceemermoz.edu.ar\\\/v5\\\/\",\"logo\":{\"@type\":\"ImageObject\",\"inLanguage\":\"fr-FR\",\"@id\":\"https:\\\/\\\/lyceemermoz.edu.ar\\\/v5\\\/#\\\/schema\\\/logo\\\/image\\\/\",\"url\":\"https:\\\/\\\/lyceemermoz.edu.ar\\\/v5\\\/wp-content\\\/uploads\\\/logoJM-scaled.jpg\",\"contentUrl\":\"https:\\\/\\\/lyceemermoz.edu.ar\\\/v5\\\/wp-content\\\/uploads\\\/logoJM-scaled.jpg\",\"width\":2560,\"height\":2560,\"caption\":\"Lyc\u00e9e Franco-Argentin Jean Mermoz - Liceo Franco-Argentino Jean Mermoz\"},\"image\":{\"@id\":\"https:\\\/\\\/lyceemermoz.edu.ar\\\/v5\\\/#\\\/schema\\\/logo\\\/image\\\/\"},\"sameAs\":[\"https:\\\/\\\/x.com\\\/LJMBuenosAires\",\"https:\\\/\\\/www.instagram.com\\\/ljmbuenosaires\\\/\"]},{\"@type\":\"Person\",\"@id\":\"https:\\\/\\\/lyceemermoz.edu.ar\\\/v5\\\/#\\\/schema\\\/person\\\/37997257e6cb71fb35304efddbe67b47\",\"name\":\"Corinne Petrelli\",\"image\":{\"@type\":\"ImageObject\",\"inLanguage\":\"fr-FR\",\"@id\":\"https:\\\/\\\/secure.gravatar.com\\\/avatar\\\/95675f9c455f787082e07aab736d3e229111653765cf8b882c36e0f219d29976?s=96&d=mm&r=g\",\"url\":\"https:\\\/\\\/secure.gravatar.com\\\/avatar\\\/95675f9c455f787082e07aab736d3e229111653765cf8b882c36e0f219d29976?s=96&d=mm&r=g\",\"contentUrl\":\"https:\\\/\\\/secure.gravatar.com\\\/avatar\\\/95675f9c455f787082e07aab736d3e229111653765cf8b882c36e0f219d29976?s=96&d=mm&r=g\",\"caption\":\"Corinne Petrelli\"},\"sameAs\":[\"https:\\\/\\\/lyceemermoz.edu.ar\\\/\"]}]}<\/script>\n<!-- \/ Yoast SEO plugin. -->","yoast_head_json":{"title":"Historias de Celular 2025: un concurso que revela la creatividad de nuestros alumnos y celebra una reflexi\u00f3n colectiva - Lyc\u00e9e Franco-Argentin Jean Mermoz","description":"Descubre al gran ganador de la primera edici\u00f3n de Petit \u00c9cran 2025, un concurso que pone de relieve la creatividad de nuestros estudiantes.","robots":{"index":"index","follow":"follow","max-snippet":"max-snippet:-1","max-image-preview":"max-image-preview:large","max-video-preview":"max-video-preview:-1"},"canonical":"https:\/\/lyceemermoz.edu.ar\/v5\/petit-ecran-2025-un-concurso-que-revela-la-creatividad-de-nuestros-alumnos-y-celebra-una-reflexion-colectiva\/","og_locale":"fr_FR","og_type":"article","og_title":"Historias de Celular 2025: un concurso que revela la creatividad de nuestros alumnos y celebra una reflexi\u00f3n colectiva - Lyc\u00e9e Franco-Argentin Jean Mermoz","og_description":"Descubre al gran ganador de la primera edici\u00f3n de Petit \u00c9cran 2025, un concurso que pone de relieve la creatividad de nuestros estudiantes.","og_url":"https:\/\/lyceemermoz.edu.ar\/v5\/petit-ecran-2025-un-concurso-que-revela-la-creatividad-de-nuestros-alumnos-y-celebra-una-reflexion-colectiva\/","og_site_name":"Lyc\u00e9e Franco-Argentin Jean Mermoz","article_published_time":"2025-12-04T13:47:14+00:00","article_modified_time":"2025-12-05T20:11:10+00:00","og_image":[{"width":1920,"height":480,"url":"https:\/\/lyceemermoz.edu.ar\/v5\/wp-content\/uploads\/Blog-1-2.jpg","type":"image\/jpeg"}],"author":"Corinne Petrelli","twitter_card":"summary_large_image","twitter_creator":"@LJMBuenosAires","twitter_site":"@LJMBuenosAires","twitter_misc":{"\u00c9crit par":"Corinne Petrelli","Dur\u00e9e de lecture estim\u00e9e":"5 minutes"},"schema":{"@context":"https:\/\/schema.org","@graph":[{"@type":"Article","@id":"https:\/\/lyceemermoz.edu.ar\/v5\/petit-ecran-2025-un-concurso-que-revela-la-creatividad-de-nuestros-alumnos-y-celebra-una-reflexion-colectiva\/#article","isPartOf":{"@id":"https:\/\/lyceemermoz.edu.ar\/v5\/petit-ecran-2025-un-concurso-que-revela-la-creatividad-de-nuestros-alumnos-y-celebra-una-reflexion-colectiva\/"},"author":{"name":"Corinne Petrelli","@id":"https:\/\/lyceemermoz.edu.ar\/v5\/#\/schema\/person\/37997257e6cb71fb35304efddbe67b47"},"headline":"Historias de Celular 2025: un concurso que revela la creatividad de nuestros alumnos y celebra una reflexi\u00f3n colectiva","datePublished":"2025-12-04T13:47:14+00:00","dateModified":"2025-12-05T20:11:10+00:00","mainEntityOfPage":{"@id":"https:\/\/lyceemermoz.edu.ar\/v5\/petit-ecran-2025-un-concurso-que-revela-la-creatividad-de-nuestros-alumnos-y-celebra-una-reflexion-colectiva\/"},"wordCount":847,"publisher":{"@id":"https:\/\/lyceemermoz.edu.ar\/v5\/#organization"},"image":{"@id":"https:\/\/lyceemermoz.edu.ar\/v5\/petit-ecran-2025-un-concurso-que-revela-la-creatividad-de-nuestros-alumnos-y-celebra-una-reflexion-colectiva\/#primaryimage"},"thumbnailUrl":"https:\/\/lyceemermoz.edu.ar\/v5\/wp-content\/uploads\/Blog-1-2.jpg","keywords":["cinema"],"articleSection":["ACTUALIDADES","Eventos"],"inLanguage":"fr-FR"},{"@type":"WebPage","@id":"https:\/\/lyceemermoz.edu.ar\/v5\/petit-ecran-2025-un-concurso-que-revela-la-creatividad-de-nuestros-alumnos-y-celebra-una-reflexion-colectiva\/","url":"https:\/\/lyceemermoz.edu.ar\/v5\/petit-ecran-2025-un-concurso-que-revela-la-creatividad-de-nuestros-alumnos-y-celebra-una-reflexion-colectiva\/","name":"Historias de Celular 2025: un concurso que revela la creatividad de nuestros alumnos y celebra una reflexi\u00f3n colectiva - Lyc\u00e9e Franco-Argentin Jean Mermoz","isPartOf":{"@id":"https:\/\/lyceemermoz.edu.ar\/v5\/#website"},"primaryImageOfPage":{"@id":"https:\/\/lyceemermoz.edu.ar\/v5\/petit-ecran-2025-un-concurso-que-revela-la-creatividad-de-nuestros-alumnos-y-celebra-una-reflexion-colectiva\/#primaryimage"},"image":{"@id":"https:\/\/lyceemermoz.edu.ar\/v5\/petit-ecran-2025-un-concurso-que-revela-la-creatividad-de-nuestros-alumnos-y-celebra-una-reflexion-colectiva\/#primaryimage"},"thumbnailUrl":"https:\/\/lyceemermoz.edu.ar\/v5\/wp-content\/uploads\/Blog-1-2.jpg","datePublished":"2025-12-04T13:47:14+00:00","dateModified":"2025-12-05T20:11:10+00:00","description":"Descubre al gran ganador de la primera edici\u00f3n de Petit \u00c9cran 2025, un concurso que pone de relieve la creatividad de nuestros estudiantes.","breadcrumb":{"@id":"https:\/\/lyceemermoz.edu.ar\/v5\/petit-ecran-2025-un-concurso-que-revela-la-creatividad-de-nuestros-alumnos-y-celebra-una-reflexion-colectiva\/#breadcrumb"},"inLanguage":"fr-FR","potentialAction":[{"@type":"ReadAction","target":["https:\/\/lyceemermoz.edu.ar\/v5\/petit-ecran-2025-un-concurso-que-revela-la-creatividad-de-nuestros-alumnos-y-celebra-una-reflexion-colectiva\/"]}]},{"@type":"ImageObject","inLanguage":"fr-FR","@id":"https:\/\/lyceemermoz.edu.ar\/v5\/petit-ecran-2025-un-concurso-que-revela-la-creatividad-de-nuestros-alumnos-y-celebra-una-reflexion-colectiva\/#primaryimage","url":"https:\/\/lyceemermoz.edu.ar\/v5\/wp-content\/uploads\/Blog-1-2.jpg","contentUrl":"https:\/\/lyceemermoz.edu.ar\/v5\/wp-content\/uploads\/Blog-1-2.jpg","width":1920,"height":480,"caption":"Concours Histoires de Portable 2025"},{"@type":"BreadcrumbList","@id":"https:\/\/lyceemermoz.edu.ar\/v5\/petit-ecran-2025-un-concurso-que-revela-la-creatividad-de-nuestros-alumnos-y-celebra-una-reflexion-colectiva\/#breadcrumb","itemListElement":[{"@type":"ListItem","position":1,"name":"Accueil","item":"https:\/\/lyceemermoz.edu.ar\/v5\/"},{"@type":"ListItem","position":2,"name":"Historias de Celular 2025: un concurso que revela la creatividad de nuestros alumnos y celebra una reflexi\u00f3n colectiva"}]},{"@type":"WebSite","@id":"https:\/\/lyceemermoz.edu.ar\/v5\/#website","url":"https:\/\/lyceemermoz.edu.ar\/v5\/","name":"Lyc\u00e9e Franco-Argentin Jean Mermoz","description":"Jean Mermoz, Buenos Aires","publisher":{"@id":"https:\/\/lyceemermoz.edu.ar\/v5\/#organization"},"potentialAction":[{"@type":"SearchAction","target":{"@type":"EntryPoint","urlTemplate":"https:\/\/lyceemermoz.edu.ar\/v5\/?s={search_term_string}"},"query-input":{"@type":"PropertyValueSpecification","valueRequired":true,"valueName":"search_term_string"}}],"inLanguage":"fr-FR"},{"@type":"Organization","@id":"https:\/\/lyceemermoz.edu.ar\/v5\/#organization","name":"Lyc\u00e9e Franco-Argentin Jean Mermoz - Liceo Franco-Argentino Jean Mermoz","url":"https:\/\/lyceemermoz.edu.ar\/v5\/","logo":{"@type":"ImageObject","inLanguage":"fr-FR","@id":"https:\/\/lyceemermoz.edu.ar\/v5\/#\/schema\/logo\/image\/","url":"https:\/\/lyceemermoz.edu.ar\/v5\/wp-content\/uploads\/logoJM-scaled.jpg","contentUrl":"https:\/\/lyceemermoz.edu.ar\/v5\/wp-content\/uploads\/logoJM-scaled.jpg","width":2560,"height":2560,"caption":"Lyc\u00e9e Franco-Argentin Jean Mermoz - Liceo Franco-Argentino Jean Mermoz"},"image":{"@id":"https:\/\/lyceemermoz.edu.ar\/v5\/#\/schema\/logo\/image\/"},"sameAs":["https:\/\/x.com\/LJMBuenosAires","https:\/\/www.instagram.com\/ljmbuenosaires\/"]},{"@type":"Person","@id":"https:\/\/lyceemermoz.edu.ar\/v5\/#\/schema\/person\/37997257e6cb71fb35304efddbe67b47","name":"Corinne Petrelli","image":{"@type":"ImageObject","inLanguage":"fr-FR","@id":"https:\/\/secure.gravatar.com\/avatar\/95675f9c455f787082e07aab736d3e229111653765cf8b882c36e0f219d29976?s=96&d=mm&r=g","url":"https:\/\/secure.gravatar.com\/avatar\/95675f9c455f787082e07aab736d3e229111653765cf8b882c36e0f219d29976?s=96&d=mm&r=g","contentUrl":"https:\/\/secure.gravatar.com\/avatar\/95675f9c455f787082e07aab736d3e229111653765cf8b882c36e0f219d29976?s=96&d=mm&r=g","caption":"Corinne Petrelli"},"sameAs":["https:\/\/lyceemermoz.edu.ar\/"]}]}},"_links":{"self":[{"href":"https:\/\/lyceemermoz.edu.ar\/v5\/wp-json\/wp\/v2\/posts\/33374","targetHints":{"allow":["GET"]}}],"collection":[{"href":"https:\/\/lyceemermoz.edu.ar\/v5\/wp-json\/wp\/v2\/posts"}],"about":[{"href":"https:\/\/lyceemermoz.edu.ar\/v5\/wp-json\/wp\/v2\/types\/post"}],"author":[{"embeddable":true,"href":"https:\/\/lyceemermoz.edu.ar\/v5\/wp-json\/wp\/v2\/users\/13"}],"replies":[{"embeddable":true,"href":"https:\/\/lyceemermoz.edu.ar\/v5\/wp-json\/wp\/v2\/comments?post=33374"}],"version-history":[{"count":11,"href":"https:\/\/lyceemermoz.edu.ar\/v5\/wp-json\/wp\/v2\/posts\/33374\/revisions"}],"predecessor-version":[{"id":33545,"href":"https:\/\/lyceemermoz.edu.ar\/v5\/wp-json\/wp\/v2\/posts\/33374\/revisions\/33545"}],"wp:featuredmedia":[{"embeddable":true,"href":"https:\/\/lyceemermoz.edu.ar\/v5\/wp-json\/wp\/v2\/media\/33529"}],"wp:attachment":[{"href":"https:\/\/lyceemermoz.edu.ar\/v5\/wp-json\/wp\/v2\/media?parent=33374"}],"wp:term":[{"taxonomy":"category","embeddable":true,"href":"https:\/\/lyceemermoz.edu.ar\/v5\/wp-json\/wp\/v2\/categories?post=33374"},{"taxonomy":"post_tag","embeddable":true,"href":"https:\/\/lyceemermoz.edu.ar\/v5\/wp-json\/wp\/v2\/tags?post=33374"}],"curies":[{"name":"wp","href":"https:\/\/api.w.org\/{rel}","templated":true}]}}