{"id":33030,"date":"2025-11-27T16:10:11","date_gmt":"2025-11-27T16:10:11","guid":{"rendered":"https:\/\/lyceemermoz.edu.ar\/v5\/?p=33030"},"modified":"2025-12-01T12:44:03","modified_gmt":"2025-12-01T12:44:03","slug":"derniere-projection-de-lannee-le-cine-club-mermoz-cloture-sa-saison-avec-comme-un-fils","status":"publish","type":"post","link":"https:\/\/lyceemermoz.edu.ar\/v5\/derniere-projection-de-lannee-le-cine-club-mermoz-cloture-sa-saison-avec-comme-un-fils\/","title":{"rendered":"Derni\u00e8re projection de l\u2019ann\u00e9e : le Cin\u00e9-Club Mermoz cl\u00f4ture sa saison avec Comme un fils"},"content":{"rendered":"\t\t<div data-elementor-type=\"wp-post\" data-elementor-id=\"33030\" class=\"elementor elementor-33030\" data-elementor-post-type=\"post\">\n\t\t\t\t\t\t<section class=\"elementor-section elementor-top-section elementor-element elementor-element-82d1622 elementor-section-boxed elementor-section-height-default elementor-section-height-default\" data-id=\"82d1622\" data-element_type=\"section\" data-e-type=\"section\">\n\t\t\t\t\t\t<div class=\"elementor-container elementor-column-gap-default\">\n\t\t\t\t\t<div class=\"elementor-column elementor-col-100 elementor-top-column elementor-element elementor-element-7df2f13\" data-id=\"7df2f13\" data-element_type=\"column\" data-e-type=\"column\">\n\t\t\t<div class=\"elementor-widget-wrap elementor-element-populated\">\n\t\t\t\t\t\t<div class=\"elementor-element elementor-element-25c91e3 elementor-widget-divider--view-line elementor-widget elementor-widget-divider\" data-id=\"25c91e3\" data-element_type=\"widget\" data-e-type=\"widget\" data-widget_type=\"divider.default\">\n\t\t\t\t\t\t\t<div class=\"elementor-divider\">\n\t\t\t<span class=\"elementor-divider-separator\">\n\t\t\t\t\t\t<\/span>\n\t\t<\/div>\n\t\t\t\t\t\t<\/div>\n\t\t\t\t<div class=\"elementor-element elementor-element-e703b3c elementor-widget elementor-widget-text-editor\" data-id=\"e703b3c\" data-element_type=\"widget\" data-e-type=\"widget\" data-widget_type=\"text-editor.default\">\n\t\t\t\t\t\t\t\t\t<p data-start=\"0\" data-end=\"127\">Pour cl\u00f4turer ces premiers mois de reprise du Cin\u00e9-Club Mermoz, nous vous invitons \u00e0 la projection du film &#8220;<strong data-start=\"186\" data-end=\"203\">Comme un fils&#8221;<\/strong>de Nicolas Boukhrief le prochain <strong data-start=\"229\" data-end=\"258\">mercredi 3 d\u00e9cembre \u00e0 19h<\/strong>, dans l&#8217;Auditorium de notre \u00e9tablissement (<strong data-start=\"302\" data-end=\"317\">Ramsay 2131<\/strong>).<\/p>\n<p data-start=\"290\" data-end=\"549\" data-is-last-node=\"\" data-is-only-node=\"\">Relanc\u00e9 en ao\u00fbt 2025, le <strong data-start=\"447\" data-end=\"467\">Cin\u00e9-Club Mermoz<\/strong> ach\u00e8ve cette premi\u00e8re saison avec un film choisi sp\u00e9cialement par les \u00e9l\u00e8ves de l\u2019option cin\u00e9ma. Une belle mani\u00e8re de terminer l&#8217;ann\u00e9e et de partager ensemble un moment fort du cin\u00e9ma fran\u00e7ais.<\/p>\n<p data-start=\"290\" data-end=\"549\" data-is-last-node=\"\" data-is-only-node=\"\"><strong>L<\/strong><b>a s\u00e9ance sera \u00e9galement enrichie d\u2019un jeu surprise et d\u2019une projection sp\u00e9ciale des cr\u00e9ations r\u00e9alis\u00e9es par ces m\u00eames \u00e9l\u00e8ves. Un moment privil\u00e9gi\u00e9 \u00e0 ne pas manquer pour d\u00e9couvrir leur regard et leur travail cin\u00e9matographique.<\/b><\/p>\t\t\t\t\t\t\t\t<\/div>\n\t\t\t\t<div class=\"elementor-element elementor-element-747fe45 elementor-widget elementor-widget-heading\" data-id=\"747fe45\" data-element_type=\"widget\" data-e-type=\"widget\" data-widget_type=\"heading.default\">\n\t\t\t\t\t<h2 class=\"elementor-heading-title elementor-size-default\">Comme un fils<br>Synopsis<\/h2>\t\t\t\t<\/div>\n\t\t\t\t<div class=\"elementor-element elementor-element-7301c24 elementor-widget elementor-widget-text-editor\" data-id=\"7301c24\" data-element_type=\"widget\" data-e-type=\"widget\" data-widget_type=\"text-editor.default\">\n\t\t\t\t\t\t\t\t\t<p>Ce film profond\u00e9ment humain nous plonge dans la rencontre bouleversante entre Jacques, professeur d\u2019histoire d\u00e9sabus\u00e9, qui a perdu sa vocation \u00e0 enseigner et Victor, un adolescent livr\u00e9 \u00e0 lui-m\u00eame.\u00a0<\/p><p>Apr\u00e8s avoir \u00e9t\u00e9 t\u00e9moin d\u2019une agression, Jacques d\u00e9couvre le quotidien pr\u00e9caire du jeune gar\u00e7on, exploit\u00e9 par un faux &#8220;oncle&#8221;. D\u00e9cid\u00e9 \u00e0 lui tendre la main, il va voir sa propre vie transform\u00e9e par cette qu\u00eate d\u2019un avenir meilleur pour Victor.<\/p>\t\t\t\t\t\t\t\t<\/div>\n\t\t\t\t<div class=\"elementor-element elementor-element-459bbb7 elementor-widget elementor-widget-button\" data-id=\"459bbb7\" data-element_type=\"widget\" data-e-type=\"widget\" data-widget_type=\"button.default\">\n\t\t\t\t\t\t\t\t\t\t<a class=\"elementor-button elementor-button-link elementor-size-sm\" href=\"http:\/\/forms.gle\/UYqFh7VtQJGcwuJB7?utm_source=email_marketing&#038;utm_admin=150136&#038;utm_medium=email&#038;utm_campaign=ltima_funcin_del_ao_del_Cine_Club_Mermoz_h\" target=\"_blank\">\n\t\t\t\t\t\t<span class=\"elementor-button-content-wrapper\">\n\t\t\t\t\t\t\t\t\t<span class=\"elementor-button-text\">S'inscrire \u00e0 la pojection de Comme un fils ici<\/span>\n\t\t\t\t\t<\/span>\n\t\t\t\t\t<\/a>\n\t\t\t\t\t\t\t\t<\/div>\n\t\t\t\t<div class=\"elementor-element elementor-element-1476d4a elementor-widget elementor-widget-heading\" data-id=\"1476d4a\" data-element_type=\"widget\" data-e-type=\"widget\" data-widget_type=\"heading.default\">\n\t\t\t\t\t<h2 class=\"elementor-heading-title elementor-size-default\">Information pratique <\/h2>\t\t\t\t<\/div>\n\t\t<div class=\"elementor-element elementor-element-ecf6a3d e-grid e-con-boxed e-con e-parent\" data-id=\"ecf6a3d\" data-element_type=\"container\" data-e-type=\"container\">\n\t\t\t\t\t<div class=\"e-con-inner\">\n\t\t\t\t<div class=\"elementor-element elementor-element-a8934f7 elementor-widget elementor-widget-image\" data-id=\"a8934f7\" data-element_type=\"widget\" data-e-type=\"widget\" data-widget_type=\"image.default\">\n\t\t\t\t\t\t\t\t\t\t\t\t\t\t\t<img fetchpriority=\"high\" decoding=\"async\" width=\"819\" height=\"1024\" src=\"https:\/\/lyceemermoz.edu.ar\/v5\/wp-content\/uploads\/Cine-club-Mermoz-819x1024.png\" class=\"attachment-large size-large wp-image-33032\" alt=\"Comme un fils cine club Mermoz\" srcset=\"https:\/\/lyceemermoz.edu.ar\/v5\/wp-content\/uploads\/Cine-club-Mermoz-819x1024.png 819w, https:\/\/lyceemermoz.edu.ar\/v5\/wp-content\/uploads\/Cine-club-Mermoz-240x300.png 240w, https:\/\/lyceemermoz.edu.ar\/v5\/wp-content\/uploads\/Cine-club-Mermoz-120x150.png 120w, https:\/\/lyceemermoz.edu.ar\/v5\/wp-content\/uploads\/Cine-club-Mermoz-768x960.png 768w, https:\/\/lyceemermoz.edu.ar\/v5\/wp-content\/uploads\/Cine-club-Mermoz-19x24.png 19w, https:\/\/lyceemermoz.edu.ar\/v5\/wp-content\/uploads\/Cine-club-Mermoz-29x36.png 29w, https:\/\/lyceemermoz.edu.ar\/v5\/wp-content\/uploads\/Cine-club-Mermoz-38x48.png 38w, https:\/\/lyceemermoz.edu.ar\/v5\/wp-content\/uploads\/Cine-club-Mermoz.png 1080w\" sizes=\"(max-width: 819px) 100vw, 819px\" \/>\t\t\t\t\t\t\t\t\t\t\t\t\t\t\t<\/div>\n\t\t\t\t<div class=\"elementor-element elementor-element-16f3b7d elementor-widget elementor-widget-text-editor\" data-id=\"16f3b7d\" data-element_type=\"widget\" data-e-type=\"widget\" data-widget_type=\"text-editor.default\">\n\t\t\t\t\t\t\t\t\t<p><strong data-start=\"1655\" data-end=\"1665\">Lieu :<\/strong> Auditorium du Lyc\u00e9e<br \/><strong data-start=\"1691\" data-end=\"1701\">Date :<\/strong> Mercredi 3 d\u00e9cembre<br data-start=\"1720\" data-end=\"1723\" \/><strong data-start=\"1726\" data-end=\"1739\">Horaire :<\/strong> Arriver 15 minutes avant &#8211; la projection commence \u00e0 19h\u00a0<br data-start=\"1877\" data-end=\"1880\" \/><strong data-start=\"1883\" data-end=\"1964\">Public : \u00e0 partir de 10 ans<br \/>Film <\/strong>en version originale, sous-titres en espagnol<\/p><p><strong>PLUS D&#8217; INFORMATION<\/strong><br \/><a href=\"https:\/\/www.allocine.fr\/film\/fichefilm_gen_cfilm=313397.html\" target=\"_blank\" rel=\"noopener\">Trailer et<\/a><br \/><a href=\"https:\/\/www.allocine.fr\/film\/fichefilm_gen_cfilm=313397.html\" target=\"_blank\" rel=\"noopener\">Synopsis\u00a0<\/a><\/p>\t\t\t\t\t\t\t\t<\/div>\n\t\t\t\t\t<\/div>\n\t\t\t\t<\/div>\n\t\t\t\t<div class=\"elementor-element elementor-element-a29c2db elementor-widget elementor-widget-spacer\" data-id=\"a29c2db\" data-element_type=\"widget\" data-e-type=\"widget\" data-widget_type=\"spacer.default\">\n\t\t\t\t\t\t\t<div class=\"elementor-spacer\">\n\t\t\t<div class=\"elementor-spacer-inner\"><\/div>\n\t\t<\/div>\n\t\t\t\t\t\t<\/div>\n\t\t\t\t<div class=\"elementor-element elementor-element-2627ec5 elementor-widget elementor-widget-text-editor\" data-id=\"2627ec5\" data-element_type=\"widget\" data-e-type=\"widget\" data-widget_type=\"text-editor.default\">\n\t\t\t\t\t\t\t\t\t<p data-start=\"1375\" data-end=\"1582\"><b>Remerciements<br \/><\/b><b style=\"font-size: 1.0625rem;\">Le cycle du Cin\u00e9-Club ne serait pas possible sans le soutien de\u00a0<a href=\"https:\/\/ifargentine.com.ar\/fr\/\" target=\"_blank\" rel=\"noopener\">l\u2019Institut Fran\u00e7ais d&#8217;Argentine (IFA)<\/a>\u00a0et de sa r\u00e9serve cin\u00e9matographique. Nous tenons une fois de plus \u00e0 remercier chaleureusement toute l\u2019\u00e9quipe de l\u2019IFA pour son engagement.<\/b><\/p><p data-start=\"1584\" data-end=\"1707\">\u00a0<\/p>\t\t\t\t\t\t\t\t<\/div>\n\t\t\t\t\t<\/div>\n\t\t<\/div>\n\t\t\t\t\t<\/div>\n\t\t<\/section>\n\t\t\t\t<\/div>\n\t\t","protected":false},"excerpt":{"rendered":"<p>Pour cl\u00f4turer ces premiers mois de reprise du Cin\u00e9-Club Mermoz, nous vous invitons \u00e0 la projection du film \u201cComme un fils\u201dde Nicolas Boukhrief.<\/p>\n","protected":false},"author":13,"featured_media":33032,"comment_status":"closed","ping_status":"closed","sticky":false,"template":"","format":"standard","meta":{"iawp_total_views":3,"footnotes":""},"categories":[5,203],"tags":[218,219],"class_list":["post-33030","post","type-post","status-publish","format-standard","has-post-thumbnail","hentry","category-actualites","category-evenement","tag-cine-club","tag-cinema"],"yoast_head":"<!-- This site is optimized with the Yoast SEO plugin v27.4 - https:\/\/yoast.com\/product\/yoast-seo-wordpress\/ -->\n<title>Derni\u00e8re projection de l\u2019ann\u00e9e : le Cin\u00e9-Club Mermoz cl\u00f4ture sa saison avec Comme un fils - Lyc\u00e9e Franco-Argentin Jean Mermoz<\/title>\n<meta name=\"description\" content=\"Pour cette derni\u00e8re projection de l&#039;ann\u00e9e, le cin\u00e9-club Mermoz vous invite \u00e0 voir le film \u201cComme un fils\u201d de Nicolas Boukhrief\" \/>\n<meta name=\"robots\" content=\"index, follow, max-snippet:-1, max-image-preview:large, max-video-preview:-1\" \/>\n<link rel=\"canonical\" href=\"https:\/\/lyceemermoz.edu.ar\/v5\/derniere-projection-de-lannee-le-cine-club-mermoz-cloture-sa-saison-avec-comme-un-fils\/\" \/>\n<meta property=\"og:locale\" content=\"fr_FR\" \/>\n<meta property=\"og:type\" content=\"article\" \/>\n<meta property=\"og:title\" content=\"Derni\u00e8re projection de l\u2019ann\u00e9e : le Cin\u00e9-Club Mermoz cl\u00f4ture sa saison avec Comme un fils - Lyc\u00e9e Franco-Argentin Jean Mermoz\" \/>\n<meta property=\"og:description\" content=\"Pour cette derni\u00e8re projection de l&#039;ann\u00e9e, le cin\u00e9-club Mermoz vous invite \u00e0 voir le film \u201cComme un fils\u201d de Nicolas Boukhrief\" \/>\n<meta property=\"og:url\" content=\"https:\/\/lyceemermoz.edu.ar\/v5\/derniere-projection-de-lannee-le-cine-club-mermoz-cloture-sa-saison-avec-comme-un-fils\/\" \/>\n<meta property=\"og:site_name\" content=\"Lyc\u00e9e Franco-Argentin Jean Mermoz\" \/>\n<meta property=\"article:published_time\" content=\"2025-11-27T16:10:11+00:00\" \/>\n<meta property=\"article:modified_time\" content=\"2025-12-01T12:44:03+00:00\" \/>\n<meta property=\"og:image\" content=\"https:\/\/lyceemermoz.edu.ar\/v5\/wp-content\/uploads\/Cine-club-Mermoz.png\" \/>\n\t<meta property=\"og:image:width\" content=\"1080\" \/>\n\t<meta property=\"og:image:height\" content=\"1350\" \/>\n\t<meta property=\"og:image:type\" content=\"image\/png\" \/>\n<meta name=\"author\" content=\"Corinne Petrelli\" \/>\n<meta name=\"twitter:card\" content=\"summary_large_image\" \/>\n<meta name=\"twitter:creator\" content=\"@LJMBuenosAires\" \/>\n<meta name=\"twitter:site\" content=\"@LJMBuenosAires\" \/>\n<meta name=\"twitter:label1\" content=\"\u00c9crit par\" \/>\n\t<meta name=\"twitter:data1\" content=\"Corinne Petrelli\" \/>\n\t<meta name=\"twitter:label2\" content=\"Dur\u00e9e de lecture estim\u00e9e\" \/>\n\t<meta name=\"twitter:data2\" content=\"2 minutes\" \/>\n<script type=\"application\/ld+json\" class=\"yoast-schema-graph\">{\"@context\":\"https:\\\/\\\/schema.org\",\"@graph\":[{\"@type\":\"Article\",\"@id\":\"https:\\\/\\\/lyceemermoz.edu.ar\\\/v5\\\/derniere-projection-de-lannee-le-cine-club-mermoz-cloture-sa-saison-avec-comme-un-fils\\\/#article\",\"isPartOf\":{\"@id\":\"https:\\\/\\\/lyceemermoz.edu.ar\\\/v5\\\/derniere-projection-de-lannee-le-cine-club-mermoz-cloture-sa-saison-avec-comme-un-fils\\\/\"},\"author\":{\"name\":\"Corinne Petrelli\",\"@id\":\"https:\\\/\\\/lyceemermoz.edu.ar\\\/v5\\\/#\\\/schema\\\/person\\\/37997257e6cb71fb35304efddbe67b47\"},\"headline\":\"Derni\u00e8re projection de l\u2019ann\u00e9e : le Cin\u00e9-Club Mermoz cl\u00f4ture sa saison avec Comme un fils\",\"datePublished\":\"2025-11-27T16:10:11+00:00\",\"dateModified\":\"2025-12-01T12:44:03+00:00\",\"mainEntityOfPage\":{\"@id\":\"https:\\\/\\\/lyceemermoz.edu.ar\\\/v5\\\/derniere-projection-de-lannee-le-cine-club-mermoz-cloture-sa-saison-avec-comme-un-fils\\\/\"},\"wordCount\":326,\"publisher\":{\"@id\":\"https:\\\/\\\/lyceemermoz.edu.ar\\\/v5\\\/#organization\"},\"image\":{\"@id\":\"https:\\\/\\\/lyceemermoz.edu.ar\\\/v5\\\/derniere-projection-de-lannee-le-cine-club-mermoz-cloture-sa-saison-avec-comme-un-fils\\\/#primaryimage\"},\"thumbnailUrl\":\"https:\\\/\\\/lyceemermoz.edu.ar\\\/v5\\\/wp-content\\\/uploads\\\/Cine-club-Mermoz.png\",\"keywords\":[\"cine club\",\"cinema\"],\"articleSection\":[\"ACTUALIT\u00c9S\",\"Ev\u00e9nement\"],\"inLanguage\":\"fr-FR\"},{\"@type\":\"WebPage\",\"@id\":\"https:\\\/\\\/lyceemermoz.edu.ar\\\/v5\\\/derniere-projection-de-lannee-le-cine-club-mermoz-cloture-sa-saison-avec-comme-un-fils\\\/\",\"url\":\"https:\\\/\\\/lyceemermoz.edu.ar\\\/v5\\\/derniere-projection-de-lannee-le-cine-club-mermoz-cloture-sa-saison-avec-comme-un-fils\\\/\",\"name\":\"Derni\u00e8re projection de l\u2019ann\u00e9e : le Cin\u00e9-Club Mermoz cl\u00f4ture sa saison avec Comme un fils - Lyc\u00e9e Franco-Argentin Jean Mermoz\",\"isPartOf\":{\"@id\":\"https:\\\/\\\/lyceemermoz.edu.ar\\\/v5\\\/#website\"},\"primaryImageOfPage\":{\"@id\":\"https:\\\/\\\/lyceemermoz.edu.ar\\\/v5\\\/derniere-projection-de-lannee-le-cine-club-mermoz-cloture-sa-saison-avec-comme-un-fils\\\/#primaryimage\"},\"image\":{\"@id\":\"https:\\\/\\\/lyceemermoz.edu.ar\\\/v5\\\/derniere-projection-de-lannee-le-cine-club-mermoz-cloture-sa-saison-avec-comme-un-fils\\\/#primaryimage\"},\"thumbnailUrl\":\"https:\\\/\\\/lyceemermoz.edu.ar\\\/v5\\\/wp-content\\\/uploads\\\/Cine-club-Mermoz.png\",\"datePublished\":\"2025-11-27T16:10:11+00:00\",\"dateModified\":\"2025-12-01T12:44:03+00:00\",\"description\":\"Pour cette derni\u00e8re projection de l'ann\u00e9e, le cin\u00e9-club Mermoz vous invite \u00e0 voir le film \u201cComme un fils\u201d de Nicolas Boukhrief\",\"breadcrumb\":{\"@id\":\"https:\\\/\\\/lyceemermoz.edu.ar\\\/v5\\\/derniere-projection-de-lannee-le-cine-club-mermoz-cloture-sa-saison-avec-comme-un-fils\\\/#breadcrumb\"},\"inLanguage\":\"fr-FR\",\"potentialAction\":[{\"@type\":\"ReadAction\",\"target\":[\"https:\\\/\\\/lyceemermoz.edu.ar\\\/v5\\\/derniere-projection-de-lannee-le-cine-club-mermoz-cloture-sa-saison-avec-comme-un-fils\\\/\"]}]},{\"@type\":\"ImageObject\",\"inLanguage\":\"fr-FR\",\"@id\":\"https:\\\/\\\/lyceemermoz.edu.ar\\\/v5\\\/derniere-projection-de-lannee-le-cine-club-mermoz-cloture-sa-saison-avec-comme-un-fils\\\/#primaryimage\",\"url\":\"https:\\\/\\\/lyceemermoz.edu.ar\\\/v5\\\/wp-content\\\/uploads\\\/Cine-club-Mermoz.png\",\"contentUrl\":\"https:\\\/\\\/lyceemermoz.edu.ar\\\/v5\\\/wp-content\\\/uploads\\\/Cine-club-Mermoz.png\",\"width\":1080,\"height\":1350,\"caption\":\"Comme un fils cine club Mermoz\"},{\"@type\":\"BreadcrumbList\",\"@id\":\"https:\\\/\\\/lyceemermoz.edu.ar\\\/v5\\\/derniere-projection-de-lannee-le-cine-club-mermoz-cloture-sa-saison-avec-comme-un-fils\\\/#breadcrumb\",\"itemListElement\":[{\"@type\":\"ListItem\",\"position\":1,\"name\":\"Accueil\",\"item\":\"https:\\\/\\\/lyceemermoz.edu.ar\\\/v5\\\/\"},{\"@type\":\"ListItem\",\"position\":2,\"name\":\"Derni\u00e8re projection de l\u2019ann\u00e9e : le Cin\u00e9-Club Mermoz cl\u00f4ture sa saison avec Comme un fils\"}]},{\"@type\":\"WebSite\",\"@id\":\"https:\\\/\\\/lyceemermoz.edu.ar\\\/v5\\\/#website\",\"url\":\"https:\\\/\\\/lyceemermoz.edu.ar\\\/v5\\\/\",\"name\":\"Lyc\u00e9e Franco-Argentin Jean Mermoz\",\"description\":\"Jean Mermoz, Buenos Aires\",\"publisher\":{\"@id\":\"https:\\\/\\\/lyceemermoz.edu.ar\\\/v5\\\/#organization\"},\"potentialAction\":[{\"@type\":\"SearchAction\",\"target\":{\"@type\":\"EntryPoint\",\"urlTemplate\":\"https:\\\/\\\/lyceemermoz.edu.ar\\\/v5\\\/?s={search_term_string}\"},\"query-input\":{\"@type\":\"PropertyValueSpecification\",\"valueRequired\":true,\"valueName\":\"search_term_string\"}}],\"inLanguage\":\"fr-FR\"},{\"@type\":\"Organization\",\"@id\":\"https:\\\/\\\/lyceemermoz.edu.ar\\\/v5\\\/#organization\",\"name\":\"Lyc\u00e9e Franco-Argentin Jean Mermoz - Liceo Franco-Argentino Jean Mermoz\",\"url\":\"https:\\\/\\\/lyceemermoz.edu.ar\\\/v5\\\/\",\"logo\":{\"@type\":\"ImageObject\",\"inLanguage\":\"fr-FR\",\"@id\":\"https:\\\/\\\/lyceemermoz.edu.ar\\\/v5\\\/#\\\/schema\\\/logo\\\/image\\\/\",\"url\":\"https:\\\/\\\/lyceemermoz.edu.ar\\\/v5\\\/wp-content\\\/uploads\\\/logoJM-scaled.jpg\",\"contentUrl\":\"https:\\\/\\\/lyceemermoz.edu.ar\\\/v5\\\/wp-content\\\/uploads\\\/logoJM-scaled.jpg\",\"width\":2560,\"height\":2560,\"caption\":\"Lyc\u00e9e Franco-Argentin Jean Mermoz - Liceo Franco-Argentino Jean Mermoz\"},\"image\":{\"@id\":\"https:\\\/\\\/lyceemermoz.edu.ar\\\/v5\\\/#\\\/schema\\\/logo\\\/image\\\/\"},\"sameAs\":[\"https:\\\/\\\/x.com\\\/LJMBuenosAires\",\"https:\\\/\\\/www.instagram.com\\\/ljmbuenosaires\\\/\"]},{\"@type\":\"Person\",\"@id\":\"https:\\\/\\\/lyceemermoz.edu.ar\\\/v5\\\/#\\\/schema\\\/person\\\/37997257e6cb71fb35304efddbe67b47\",\"name\":\"Corinne Petrelli\",\"image\":{\"@type\":\"ImageObject\",\"inLanguage\":\"fr-FR\",\"@id\":\"https:\\\/\\\/secure.gravatar.com\\\/avatar\\\/95675f9c455f787082e07aab736d3e229111653765cf8b882c36e0f219d29976?s=96&d=mm&r=g\",\"url\":\"https:\\\/\\\/secure.gravatar.com\\\/avatar\\\/95675f9c455f787082e07aab736d3e229111653765cf8b882c36e0f219d29976?s=96&d=mm&r=g\",\"contentUrl\":\"https:\\\/\\\/secure.gravatar.com\\\/avatar\\\/95675f9c455f787082e07aab736d3e229111653765cf8b882c36e0f219d29976?s=96&d=mm&r=g\",\"caption\":\"Corinne Petrelli\"},\"sameAs\":[\"https:\\\/\\\/lyceemermoz.edu.ar\\\/\"]}]}<\/script>\n<!-- \/ Yoast SEO plugin. -->","yoast_head_json":{"title":"Derni\u00e8re projection de l\u2019ann\u00e9e : le Cin\u00e9-Club Mermoz cl\u00f4ture sa saison avec Comme un fils - Lyc\u00e9e Franco-Argentin Jean Mermoz","description":"Pour cette derni\u00e8re projection de l'ann\u00e9e, le cin\u00e9-club Mermoz vous invite \u00e0 voir le film \u201cComme un fils\u201d de Nicolas Boukhrief","robots":{"index":"index","follow":"follow","max-snippet":"max-snippet:-1","max-image-preview":"max-image-preview:large","max-video-preview":"max-video-preview:-1"},"canonical":"https:\/\/lyceemermoz.edu.ar\/v5\/derniere-projection-de-lannee-le-cine-club-mermoz-cloture-sa-saison-avec-comme-un-fils\/","og_locale":"fr_FR","og_type":"article","og_title":"Derni\u00e8re projection de l\u2019ann\u00e9e : le Cin\u00e9-Club Mermoz cl\u00f4ture sa saison avec Comme un fils - Lyc\u00e9e Franco-Argentin Jean Mermoz","og_description":"Pour cette derni\u00e8re projection de l'ann\u00e9e, le cin\u00e9-club Mermoz vous invite \u00e0 voir le film \u201cComme un fils\u201d de Nicolas Boukhrief","og_url":"https:\/\/lyceemermoz.edu.ar\/v5\/derniere-projection-de-lannee-le-cine-club-mermoz-cloture-sa-saison-avec-comme-un-fils\/","og_site_name":"Lyc\u00e9e Franco-Argentin Jean Mermoz","article_published_time":"2025-11-27T16:10:11+00:00","article_modified_time":"2025-12-01T12:44:03+00:00","og_image":[{"width":1080,"height":1350,"url":"https:\/\/lyceemermoz.edu.ar\/v5\/wp-content\/uploads\/Cine-club-Mermoz.png","type":"image\/png"}],"author":"Corinne Petrelli","twitter_card":"summary_large_image","twitter_creator":"@LJMBuenosAires","twitter_site":"@LJMBuenosAires","twitter_misc":{"\u00c9crit par":"Corinne Petrelli","Dur\u00e9e de lecture estim\u00e9e":"2 minutes"},"schema":{"@context":"https:\/\/schema.org","@graph":[{"@type":"Article","@id":"https:\/\/lyceemermoz.edu.ar\/v5\/derniere-projection-de-lannee-le-cine-club-mermoz-cloture-sa-saison-avec-comme-un-fils\/#article","isPartOf":{"@id":"https:\/\/lyceemermoz.edu.ar\/v5\/derniere-projection-de-lannee-le-cine-club-mermoz-cloture-sa-saison-avec-comme-un-fils\/"},"author":{"name":"Corinne Petrelli","@id":"https:\/\/lyceemermoz.edu.ar\/v5\/#\/schema\/person\/37997257e6cb71fb35304efddbe67b47"},"headline":"Derni\u00e8re projection de l\u2019ann\u00e9e : le Cin\u00e9-Club Mermoz cl\u00f4ture sa saison avec Comme un fils","datePublished":"2025-11-27T16:10:11+00:00","dateModified":"2025-12-01T12:44:03+00:00","mainEntityOfPage":{"@id":"https:\/\/lyceemermoz.edu.ar\/v5\/derniere-projection-de-lannee-le-cine-club-mermoz-cloture-sa-saison-avec-comme-un-fils\/"},"wordCount":326,"publisher":{"@id":"https:\/\/lyceemermoz.edu.ar\/v5\/#organization"},"image":{"@id":"https:\/\/lyceemermoz.edu.ar\/v5\/derniere-projection-de-lannee-le-cine-club-mermoz-cloture-sa-saison-avec-comme-un-fils\/#primaryimage"},"thumbnailUrl":"https:\/\/lyceemermoz.edu.ar\/v5\/wp-content\/uploads\/Cine-club-Mermoz.png","keywords":["cine club","cinema"],"articleSection":["ACTUALIT\u00c9S","Ev\u00e9nement"],"inLanguage":"fr-FR"},{"@type":"WebPage","@id":"https:\/\/lyceemermoz.edu.ar\/v5\/derniere-projection-de-lannee-le-cine-club-mermoz-cloture-sa-saison-avec-comme-un-fils\/","url":"https:\/\/lyceemermoz.edu.ar\/v5\/derniere-projection-de-lannee-le-cine-club-mermoz-cloture-sa-saison-avec-comme-un-fils\/","name":"Derni\u00e8re projection de l\u2019ann\u00e9e : le Cin\u00e9-Club Mermoz cl\u00f4ture sa saison avec Comme un fils - Lyc\u00e9e Franco-Argentin Jean Mermoz","isPartOf":{"@id":"https:\/\/lyceemermoz.edu.ar\/v5\/#website"},"primaryImageOfPage":{"@id":"https:\/\/lyceemermoz.edu.ar\/v5\/derniere-projection-de-lannee-le-cine-club-mermoz-cloture-sa-saison-avec-comme-un-fils\/#primaryimage"},"image":{"@id":"https:\/\/lyceemermoz.edu.ar\/v5\/derniere-projection-de-lannee-le-cine-club-mermoz-cloture-sa-saison-avec-comme-un-fils\/#primaryimage"},"thumbnailUrl":"https:\/\/lyceemermoz.edu.ar\/v5\/wp-content\/uploads\/Cine-club-Mermoz.png","datePublished":"2025-11-27T16:10:11+00:00","dateModified":"2025-12-01T12:44:03+00:00","description":"Pour cette derni\u00e8re projection de l'ann\u00e9e, le cin\u00e9-club Mermoz vous invite \u00e0 voir le film \u201cComme un fils\u201d de Nicolas Boukhrief","breadcrumb":{"@id":"https:\/\/lyceemermoz.edu.ar\/v5\/derniere-projection-de-lannee-le-cine-club-mermoz-cloture-sa-saison-avec-comme-un-fils\/#breadcrumb"},"inLanguage":"fr-FR","potentialAction":[{"@type":"ReadAction","target":["https:\/\/lyceemermoz.edu.ar\/v5\/derniere-projection-de-lannee-le-cine-club-mermoz-cloture-sa-saison-avec-comme-un-fils\/"]}]},{"@type":"ImageObject","inLanguage":"fr-FR","@id":"https:\/\/lyceemermoz.edu.ar\/v5\/derniere-projection-de-lannee-le-cine-club-mermoz-cloture-sa-saison-avec-comme-un-fils\/#primaryimage","url":"https:\/\/lyceemermoz.edu.ar\/v5\/wp-content\/uploads\/Cine-club-Mermoz.png","contentUrl":"https:\/\/lyceemermoz.edu.ar\/v5\/wp-content\/uploads\/Cine-club-Mermoz.png","width":1080,"height":1350,"caption":"Comme un fils cine club Mermoz"},{"@type":"BreadcrumbList","@id":"https:\/\/lyceemermoz.edu.ar\/v5\/derniere-projection-de-lannee-le-cine-club-mermoz-cloture-sa-saison-avec-comme-un-fils\/#breadcrumb","itemListElement":[{"@type":"ListItem","position":1,"name":"Accueil","item":"https:\/\/lyceemermoz.edu.ar\/v5\/"},{"@type":"ListItem","position":2,"name":"Derni\u00e8re projection de l\u2019ann\u00e9e : le Cin\u00e9-Club Mermoz cl\u00f4ture sa saison avec Comme un fils"}]},{"@type":"WebSite","@id":"https:\/\/lyceemermoz.edu.ar\/v5\/#website","url":"https:\/\/lyceemermoz.edu.ar\/v5\/","name":"Lyc\u00e9e Franco-Argentin Jean Mermoz","description":"Jean Mermoz, Buenos Aires","publisher":{"@id":"https:\/\/lyceemermoz.edu.ar\/v5\/#organization"},"potentialAction":[{"@type":"SearchAction","target":{"@type":"EntryPoint","urlTemplate":"https:\/\/lyceemermoz.edu.ar\/v5\/?s={search_term_string}"},"query-input":{"@type":"PropertyValueSpecification","valueRequired":true,"valueName":"search_term_string"}}],"inLanguage":"fr-FR"},{"@type":"Organization","@id":"https:\/\/lyceemermoz.edu.ar\/v5\/#organization","name":"Lyc\u00e9e Franco-Argentin Jean Mermoz - Liceo Franco-Argentino Jean Mermoz","url":"https:\/\/lyceemermoz.edu.ar\/v5\/","logo":{"@type":"ImageObject","inLanguage":"fr-FR","@id":"https:\/\/lyceemermoz.edu.ar\/v5\/#\/schema\/logo\/image\/","url":"https:\/\/lyceemermoz.edu.ar\/v5\/wp-content\/uploads\/logoJM-scaled.jpg","contentUrl":"https:\/\/lyceemermoz.edu.ar\/v5\/wp-content\/uploads\/logoJM-scaled.jpg","width":2560,"height":2560,"caption":"Lyc\u00e9e Franco-Argentin Jean Mermoz - Liceo Franco-Argentino Jean Mermoz"},"image":{"@id":"https:\/\/lyceemermoz.edu.ar\/v5\/#\/schema\/logo\/image\/"},"sameAs":["https:\/\/x.com\/LJMBuenosAires","https:\/\/www.instagram.com\/ljmbuenosaires\/"]},{"@type":"Person","@id":"https:\/\/lyceemermoz.edu.ar\/v5\/#\/schema\/person\/37997257e6cb71fb35304efddbe67b47","name":"Corinne Petrelli","image":{"@type":"ImageObject","inLanguage":"fr-FR","@id":"https:\/\/secure.gravatar.com\/avatar\/95675f9c455f787082e07aab736d3e229111653765cf8b882c36e0f219d29976?s=96&d=mm&r=g","url":"https:\/\/secure.gravatar.com\/avatar\/95675f9c455f787082e07aab736d3e229111653765cf8b882c36e0f219d29976?s=96&d=mm&r=g","contentUrl":"https:\/\/secure.gravatar.com\/avatar\/95675f9c455f787082e07aab736d3e229111653765cf8b882c36e0f219d29976?s=96&d=mm&r=g","caption":"Corinne Petrelli"},"sameAs":["https:\/\/lyceemermoz.edu.ar\/"]}]}},"_links":{"self":[{"href":"https:\/\/lyceemermoz.edu.ar\/v5\/wp-json\/wp\/v2\/posts\/33030","targetHints":{"allow":["GET"]}}],"collection":[{"href":"https:\/\/lyceemermoz.edu.ar\/v5\/wp-json\/wp\/v2\/posts"}],"about":[{"href":"https:\/\/lyceemermoz.edu.ar\/v5\/wp-json\/wp\/v2\/types\/post"}],"author":[{"embeddable":true,"href":"https:\/\/lyceemermoz.edu.ar\/v5\/wp-json\/wp\/v2\/users\/13"}],"replies":[{"embeddable":true,"href":"https:\/\/lyceemermoz.edu.ar\/v5\/wp-json\/wp\/v2\/comments?post=33030"}],"version-history":[{"count":11,"href":"https:\/\/lyceemermoz.edu.ar\/v5\/wp-json\/wp\/v2\/posts\/33030\/revisions"}],"predecessor-version":[{"id":33180,"href":"https:\/\/lyceemermoz.edu.ar\/v5\/wp-json\/wp\/v2\/posts\/33030\/revisions\/33180"}],"wp:featuredmedia":[{"embeddable":true,"href":"https:\/\/lyceemermoz.edu.ar\/v5\/wp-json\/wp\/v2\/media\/33032"}],"wp:attachment":[{"href":"https:\/\/lyceemermoz.edu.ar\/v5\/wp-json\/wp\/v2\/media?parent=33030"}],"wp:term":[{"taxonomy":"category","embeddable":true,"href":"https:\/\/lyceemermoz.edu.ar\/v5\/wp-json\/wp\/v2\/categories?post=33030"},{"taxonomy":"post_tag","embeddable":true,"href":"https:\/\/lyceemermoz.edu.ar\/v5\/wp-json\/wp\/v2\/tags?post=33030"}],"curies":[{"name":"wp","href":"https:\/\/api.w.org\/{rel}","templated":true}]}}