{"id":32844,"date":"2025-11-20T16:44:31","date_gmt":"2025-11-20T16:44:31","guid":{"rendered":"https:\/\/lyceemermoz.edu.ar\/v5\/?p=32844"},"modified":"2025-11-20T16:51:42","modified_gmt":"2025-11-20T16:51:42","slug":"las-ciencias-en-primer-plano-los-alumnos-se-reunen-con-cuatro-academicos-franceses-de-renombre","status":"publish","type":"post","link":"https:\/\/lyceemermoz.edu.ar\/v5\/las-ciencias-en-primer-plano-los-alumnos-se-reunen-con-cuatro-academicos-franceses-de-renombre\/","title":{"rendered":"Las ciencias en primer plano: los alumnos se re\u00fanen con cuatro acad\u00e9micos franceses de renombre"},"content":{"rendered":"\t\t<div data-elementor-type=\"wp-post\" data-elementor-id=\"32844\" class=\"elementor elementor-32844\" data-elementor-post-type=\"post\">\n\t\t\t\t\t\t<section class=\"elementor-section elementor-top-section elementor-element elementor-element-82d1622 elementor-section-boxed elementor-section-height-default elementor-section-height-default\" data-id=\"82d1622\" data-element_type=\"section\" data-e-type=\"section\">\n\t\t\t\t\t\t<div class=\"elementor-container elementor-column-gap-default\">\n\t\t\t\t\t<div class=\"elementor-column elementor-col-100 elementor-top-column elementor-element elementor-element-7df2f13\" data-id=\"7df2f13\" data-element_type=\"column\" data-e-type=\"column\">\n\t\t\t<div class=\"elementor-widget-wrap elementor-element-populated\">\n\t\t\t\t\t\t<div class=\"elementor-element elementor-element-25c91e3 elementor-widget-divider--view-line elementor-widget elementor-widget-divider\" data-id=\"25c91e3\" data-element_type=\"widget\" data-e-type=\"widget\" data-widget_type=\"divider.default\">\n\t\t\t\t\t\t\t<div class=\"elementor-divider\">\n\t\t\t<span class=\"elementor-divider-separator\">\n\t\t\t\t\t\t<\/span>\n\t\t<\/div>\n\t\t\t\t\t\t<\/div>\n\t\t\t\t<div class=\"elementor-element elementor-element-e703b3c elementor-widget elementor-widget-text-editor\" data-id=\"e703b3c\" data-element_type=\"widget\" data-e-type=\"widget\" data-widget_type=\"text-editor.default\">\n\t\t\t\t\t\t\t\t\t<p><strong>Un encuentro excepcional para los alumnos del Liceo Franco-Argentino Jean Mermoz. La ciencia en primer plano con la presencia de cuatro acad\u00e9micos franceses de renombre internacional.<\/strong><\/p>\t\t\t\t\t\t\t\t<\/div>\n\t\t\t\t<div class=\"elementor-element elementor-element-2cb91d3 elementor-widget__width-initial elementor-widget elementor-widget-text-editor\" data-id=\"2cb91d3\" data-element_type=\"widget\" data-e-type=\"widget\" data-widget_type=\"text-editor.default\">\n\t\t\t\t\t\t\t\t\t<p data-start=\"86\" data-end=\"278\">El 18 de noviembre, nuestros alumnos del nivel secundario vivieron un encuentro excepcional con figuras destacadas de la ciencia internacional, todas ellas miembros de la Academia de Ciencias.<\/p><p data-start=\"280\" data-end=\"353\">Junto a Serge Haroche, Premio Nobel de F\u00edsica 2012, estuvieron presentes:<\/p><ul data-start=\"355\" data-end=\"662\"><li data-start=\"355\" data-end=\"420\"><p data-start=\"357\" data-end=\"420\"><strong data-start=\"357\" data-end=\"376\">Cl\u00e9ment Sanchez<\/strong>, especialista en qu\u00edmica y fisicoqu\u00edmica,<\/p><\/li><li data-start=\"421\" data-end=\"512\"><p data-start=\"423\" data-end=\"512\"><strong data-start=\"423\" data-end=\"440\">Alain Fischer<\/strong>, del Coll\u00e8ge de France, experto en medicina e inmunolog\u00eda pedi\u00e1trica,<\/p><\/li><li data-start=\"513\" data-end=\"662\"><p data-start=\"515\" data-end=\"662\"><strong data-start=\"515\" data-end=\"540\">y Sebastian Amigorena<\/strong>, director de investigaci\u00f3n en el CNRS y director en el Instituto Pasteur, especialista en inmunolog\u00eda y biolog\u00eda celular.<\/p><\/li><\/ul><p data-start=\"664\" data-end=\"950\">Fue una oportunidad para que nuestros alumnos escucharan y dialogaran con estas personalidades cient\u00edficas de primer nivel, comprendieran el impacto de la ciencia en nuestra sociedad y descubrieran trayectorias excepcionales impulsadas por la pasi\u00f3n por la investigaci\u00f3n y las ciencias.<\/p><hr data-start=\"952\" data-end=\"955\" \/>\t\t\t\t\t\t\t\t<\/div>\n\t\t\t\t<div class=\"elementor-element elementor-element-27841ff elementor-widget elementor-widget-image\" data-id=\"27841ff\" data-element_type=\"widget\" data-e-type=\"widget\" data-widget_type=\"image.default\">\n\t\t\t\t\t\t\t\t\t\t\t\t\t\t\t\t<a href=\"https:\/\/lyceemermoz.edu.ar\/v5\/wp-content\/uploads\/Presentation2.pdf\" target=\"_blank\">\n\t\t\t\t\t\t\t<img fetchpriority=\"high\" decoding=\"async\" width=\"840\" height=\"474\" src=\"https:\/\/lyceemermoz.edu.ar\/v5\/wp-content\/uploads\/Capture-decran-2025-11-20-a-13.37.50-1024x578.png\" class=\"attachment-large size-large wp-image-32838\" alt=\"Presentation rencontre du 18 novembre avec l&#039;Acad\u00e9mie des Sciences\" srcset=\"https:\/\/lyceemermoz.edu.ar\/v5\/wp-content\/uploads\/Capture-decran-2025-11-20-a-13.37.50-1024x578.png 1024w, https:\/\/lyceemermoz.edu.ar\/v5\/wp-content\/uploads\/Capture-decran-2025-11-20-a-13.37.50-300x169.png 300w, https:\/\/lyceemermoz.edu.ar\/v5\/wp-content\/uploads\/Capture-decran-2025-11-20-a-13.37.50-150x85.png 150w, https:\/\/lyceemermoz.edu.ar\/v5\/wp-content\/uploads\/Capture-decran-2025-11-20-a-13.37.50-768x434.png 768w, https:\/\/lyceemermoz.edu.ar\/v5\/wp-content\/uploads\/Capture-decran-2025-11-20-a-13.37.50-1536x867.png 1536w, https:\/\/lyceemermoz.edu.ar\/v5\/wp-content\/uploads\/Capture-decran-2025-11-20-a-13.37.50-24x14.png 24w, https:\/\/lyceemermoz.edu.ar\/v5\/wp-content\/uploads\/Capture-decran-2025-11-20-a-13.37.50-36x20.png 36w, https:\/\/lyceemermoz.edu.ar\/v5\/wp-content\/uploads\/Capture-decran-2025-11-20-a-13.37.50-48x27.png 48w, https:\/\/lyceemermoz.edu.ar\/v5\/wp-content\/uploads\/Capture-decran-2025-11-20-a-13.37.50.png 1598w\" sizes=\"(max-width: 840px) 100vw, 840px\" \/>\t\t\t\t\t\t\t\t<\/a>\n\t\t\t\t\t\t\t\t\t\t\t\t\t\t\t<\/div>\n\t\t\t\t<div class=\"elementor-element elementor-element-fd9e37f elementor-widget elementor-widget-heading\" data-id=\"fd9e37f\" data-element_type=\"widget\" data-e-type=\"widget\" data-widget_type=\"heading.default\">\n\t\t\t\t\t<h2 class=\"elementor-heading-title elementor-size-default\">Una visita posible gracias a alianzas excepcionales<\/h2>\t\t\t\t<\/div>\n\t\t\t\t<div class=\"elementor-element elementor-element-d50cd40 elementor-widget elementor-widget-text-editor\" data-id=\"d50cd40\" data-element_type=\"widget\" data-e-type=\"widget\" data-widget_type=\"text-editor.default\">\n\t\t\t\t\t\t\t\t\t<p data-start=\"35\" data-end=\"248\">C\u00e9sar Manrique Milla, de la Academia de Ciencias, hizo posible esta visita gracias a su compromiso. Trabaj\u00f3 en estrecha colaboraci\u00f3n con la Embajada de Francia en Argentina y el Instituto Franc\u00e9s de Argentina.<\/p><p data-start=\"250\" data-end=\"397\" data-is-last-node=\"\" data-is-only-node=\"\">Expresamos nuestro profundo agradecimiento a estas tres instituciones, que desempe\u00f1aron un papel fundamental en la organizaci\u00f3n de este evento.<\/p>\t\t\t\t\t\t\t\t<\/div>\n\t\t\t\t<div class=\"elementor-element elementor-element-205f593 elementor-widget elementor-widget-heading\" data-id=\"205f593\" data-element_type=\"widget\" data-e-type=\"widget\" data-widget_type=\"heading.default\">\n\t\t\t\t\t<h2 class=\"elementor-heading-title elementor-size-default\">Un evento significativo para estos expertos franceses de renombre mundial\n<\/h2>\t\t\t\t<\/div>\n\t\t\t\t<div class=\"elementor-element elementor-element-4b9266b elementor-widget elementor-widget-text-editor\" data-id=\"4b9266b\" data-element_type=\"widget\" data-e-type=\"widget\" data-widget_type=\"text-editor.default\">\n\t\t\t\t\t\t\t\t\t<p data-start=\"91\" data-end=\"325\">Este encuentro tambi\u00e9n represent\u00f3 un momento importante para estos expertos de renombre mundial. Acostumbrados a dirigirse a un p\u00fablico especializado, en esta ocasi\u00f3n dialogaron con alumnos de primaria superior y del nivel secundario.<\/p><p data-start=\"327\" data-end=\"515\">Un momento hist\u00f3rico destinado a acercar la investigaci\u00f3n cient\u00edfica a las nuevas generaciones y, esperamos, a motivar a nuestros alumnos a considerar estudios en el campo de las ciencias.<\/p>\t\t\t\t\t\t\t\t<\/div>\n\t\t\t\t<div class=\"elementor-element elementor-element-0bc642a elementor-widget elementor-widget-heading\" data-id=\"0bc642a\" data-element_type=\"widget\" data-e-type=\"widget\" data-widget_type=\"heading.default\">\n\t\t\t\t\t<h2 class=\"elementor-heading-title elementor-size-default\">Un momento simb\u00f3lico para la cooperaci\u00f3n cient\u00edfica franco-argentina\n<\/h2>\t\t\t\t<\/div>\n\t\t\t\t<div class=\"elementor-element elementor-element-ca898bc elementor-widget elementor-widget-text-editor\" data-id=\"ca898bc\" data-element_type=\"widget\" data-e-type=\"widget\" data-widget_type=\"text-editor.default\">\n\t\t\t\t\t\t\t\t\t<p><span style=\"font-weight: 400;\">Este encuentro se inscribe en un contexto especialmente significativo para la ciencia francesa. De hecho, el a\u00f1o 2025 ya se perfila como un a\u00f1o excepcional para el reconocimiento cient\u00edfico internacional de Francia, tal como lo destaca Romain Nadal, embajador de Francia en Argentina, en un art\u00edculo publicado recientemente en <a href=\"https:\/\/www.lanacion.com.ar\/opinion\/francia-ama-la-ciencia-nid18112025\/\" target=\"_blank\" rel=\"noopener\"><em data-start=\"424\" data-end=\"435\">La Naci\u00f3n<\/em><\/a>.<\/span><\/p><p data-start=\"438\" data-end=\"593\">En ese art\u00edculo, Romain Nadal menciona los recientes premios Nobel de F\u00edsica y de Econom\u00eda, otorgados respectivamente a Michel Devoret y a Philippe Aghion.<\/p><p data-start=\"595\" data-end=\"742\">Se trata de trabajos de enorme importancia en los campos de la f\u00edsica cu\u00e1ntica y del impacto de las nuevas tecnolog\u00edas en el crecimiento econ\u00f3mico.<\/p><p data-start=\"744\" data-end=\"942\">Estos investigadores han logrado sus avances trabajando en colaboraci\u00f3n con equipos de todo el mundo, lo que refleja m\u00e1s que nunca el compromiso de Francia con las redes cient\u00edficas internacionales.<\/p><p data-start=\"944\" data-end=\"1165\"><strong>El encuentro del martes 18 de noviembre, \u00fanico por la excelencia cient\u00edfica de los oradores presentes, puso de relieve el papel central de la ciencia como motor esencial del desarrollo internacional y del progreso humano.<\/strong><\/p><p>\u00a0<\/p>\t\t\t\t\t\t\t\t<\/div>\n\t\t\t\t\t<\/div>\n\t\t<\/div>\n\t\t\t\t\t<\/div>\n\t\t<\/section>\n\t\t\t\t<\/div>\n\t\t","protected":false},"excerpt":{"rendered":"<p>Le mardi 18 novembre, nos \u00e9l\u00e8ves du secondaire ont eu l&#8217;honneur d&#8217;assister \u00e0 une rencontre exceptionnelle avec des figures embl\u00e9matiques de la sc\u00e8ne scientifique internationale, membres reconnus de l\u2019Acad\u00e9mie des Sciences. <\/p>\n","protected":false},"author":13,"featured_media":32820,"comment_status":"closed","ping_status":"closed","sticky":false,"template":"","format":"standard","meta":{"iawp_total_views":0,"footnotes":""},"categories":[195,204],"tags":[],"class_list":["post-32844","post","type-post","status-publish","format-standard","has-post-thumbnail","hentry","category-actualidades","category-eventos"],"yoast_head":"<!-- This site is optimized with the Yoast SEO plugin v27.4 - https:\/\/yoast.com\/product\/yoast-seo-wordpress\/ -->\n<title>Las ciencias en primer plano: los alumnos se re\u00fanen con cuatro acad\u00e9micos franceses de renombre - Lyc\u00e9e Franco-Argentin Jean Mermoz<\/title>\n<meta name=\"description\" content=\"Las ciencias en primer plano: nuestros alumnos se re\u00fanen con cuatro acad\u00e9micos franceses de renombre para un intercambio excepcional.\" \/>\n<meta name=\"robots\" content=\"index, follow, max-snippet:-1, max-image-preview:large, max-video-preview:-1\" \/>\n<link rel=\"canonical\" href=\"https:\/\/lyceemermoz.edu.ar\/v5\/las-ciencias-en-primer-plano-los-alumnos-se-reunen-con-cuatro-academicos-franceses-de-renombre\/\" \/>\n<meta property=\"og:locale\" content=\"fr_FR\" \/>\n<meta property=\"og:type\" content=\"article\" \/>\n<meta property=\"og:title\" content=\"Las ciencias en primer plano: los alumnos se re\u00fanen con cuatro acad\u00e9micos franceses de renombre - Lyc\u00e9e Franco-Argentin Jean Mermoz\" \/>\n<meta property=\"og:description\" content=\"Las ciencias en primer plano: nuestros alumnos se re\u00fanen con cuatro acad\u00e9micos franceses de renombre para un intercambio excepcional.\" \/>\n<meta property=\"og:url\" content=\"https:\/\/lyceemermoz.edu.ar\/v5\/las-ciencias-en-primer-plano-los-alumnos-se-reunen-con-cuatro-academicos-franceses-de-renombre\/\" \/>\n<meta property=\"og:site_name\" content=\"Lyc\u00e9e Franco-Argentin Jean Mermoz\" \/>\n<meta property=\"article:published_time\" content=\"2025-11-20T16:44:31+00:00\" \/>\n<meta property=\"article:modified_time\" content=\"2025-11-20T16:51:42+00:00\" \/>\n<meta property=\"og:image\" content=\"https:\/\/lyceemermoz.edu.ar\/v5\/wp-content\/uploads\/WhatsApp-Image-2025-11-19-at-16.55.07.jpeg\" \/>\n\t<meta property=\"og:image:width\" content=\"1280\" \/>\n\t<meta property=\"og:image:height\" content=\"960\" \/>\n\t<meta property=\"og:image:type\" content=\"image\/jpeg\" \/>\n<meta name=\"author\" content=\"Corinne Petrelli\" \/>\n<meta name=\"twitter:card\" content=\"summary_large_image\" \/>\n<meta name=\"twitter:creator\" content=\"@LJMBuenosAires\" \/>\n<meta name=\"twitter:site\" content=\"@LJMBuenosAires\" \/>\n<meta name=\"twitter:label1\" content=\"\u00c9crit par\" \/>\n\t<meta name=\"twitter:data1\" content=\"Corinne Petrelli\" \/>\n\t<meta name=\"twitter:label2\" content=\"Dur\u00e9e de lecture estim\u00e9e\" \/>\n\t<meta name=\"twitter:data2\" content=\"3 minutes\" \/>\n<script type=\"application\/ld+json\" class=\"yoast-schema-graph\">{\"@context\":\"https:\\\/\\\/schema.org\",\"@graph\":[{\"@type\":\"Article\",\"@id\":\"https:\\\/\\\/lyceemermoz.edu.ar\\\/v5\\\/las-ciencias-en-primer-plano-los-alumnos-se-reunen-con-cuatro-academicos-franceses-de-renombre\\\/#article\",\"isPartOf\":{\"@id\":\"https:\\\/\\\/lyceemermoz.edu.ar\\\/v5\\\/las-ciencias-en-primer-plano-los-alumnos-se-reunen-con-cuatro-academicos-franceses-de-renombre\\\/\"},\"author\":{\"name\":\"Corinne Petrelli\",\"@id\":\"https:\\\/\\\/lyceemermoz.edu.ar\\\/v5\\\/#\\\/schema\\\/person\\\/37997257e6cb71fb35304efddbe67b47\"},\"headline\":\"Las ciencias en primer plano: los alumnos se re\u00fanen con cuatro acad\u00e9micos franceses de renombre\",\"datePublished\":\"2025-11-20T16:44:31+00:00\",\"dateModified\":\"2025-11-20T16:51:42+00:00\",\"mainEntityOfPage\":{\"@id\":\"https:\\\/\\\/lyceemermoz.edu.ar\\\/v5\\\/las-ciencias-en-primer-plano-los-alumnos-se-reunen-con-cuatro-academicos-franceses-de-renombre\\\/\"},\"wordCount\":506,\"publisher\":{\"@id\":\"https:\\\/\\\/lyceemermoz.edu.ar\\\/v5\\\/#organization\"},\"image\":{\"@id\":\"https:\\\/\\\/lyceemermoz.edu.ar\\\/v5\\\/las-ciencias-en-primer-plano-los-alumnos-se-reunen-con-cuatro-academicos-franceses-de-renombre\\\/#primaryimage\"},\"thumbnailUrl\":\"https:\\\/\\\/lyceemermoz.edu.ar\\\/v5\\\/wp-content\\\/uploads\\\/WhatsApp-Image-2025-11-19-at-16.55.07.jpeg\",\"articleSection\":[\"ACTUALIDADES\",\"Eventos\"],\"inLanguage\":\"fr-FR\"},{\"@type\":\"WebPage\",\"@id\":\"https:\\\/\\\/lyceemermoz.edu.ar\\\/v5\\\/las-ciencias-en-primer-plano-los-alumnos-se-reunen-con-cuatro-academicos-franceses-de-renombre\\\/\",\"url\":\"https:\\\/\\\/lyceemermoz.edu.ar\\\/v5\\\/las-ciencias-en-primer-plano-los-alumnos-se-reunen-con-cuatro-academicos-franceses-de-renombre\\\/\",\"name\":\"Las ciencias en primer plano: los alumnos se re\u00fanen con cuatro acad\u00e9micos franceses de renombre - Lyc\u00e9e Franco-Argentin Jean Mermoz\",\"isPartOf\":{\"@id\":\"https:\\\/\\\/lyceemermoz.edu.ar\\\/v5\\\/#website\"},\"primaryImageOfPage\":{\"@id\":\"https:\\\/\\\/lyceemermoz.edu.ar\\\/v5\\\/las-ciencias-en-primer-plano-los-alumnos-se-reunen-con-cuatro-academicos-franceses-de-renombre\\\/#primaryimage\"},\"image\":{\"@id\":\"https:\\\/\\\/lyceemermoz.edu.ar\\\/v5\\\/las-ciencias-en-primer-plano-los-alumnos-se-reunen-con-cuatro-academicos-franceses-de-renombre\\\/#primaryimage\"},\"thumbnailUrl\":\"https:\\\/\\\/lyceemermoz.edu.ar\\\/v5\\\/wp-content\\\/uploads\\\/WhatsApp-Image-2025-11-19-at-16.55.07.jpeg\",\"datePublished\":\"2025-11-20T16:44:31+00:00\",\"dateModified\":\"2025-11-20T16:51:42+00:00\",\"description\":\"Las ciencias en primer plano: nuestros alumnos se re\u00fanen con cuatro acad\u00e9micos franceses de renombre para un intercambio excepcional.\",\"breadcrumb\":{\"@id\":\"https:\\\/\\\/lyceemermoz.edu.ar\\\/v5\\\/las-ciencias-en-primer-plano-los-alumnos-se-reunen-con-cuatro-academicos-franceses-de-renombre\\\/#breadcrumb\"},\"inLanguage\":\"fr-FR\",\"potentialAction\":[{\"@type\":\"ReadAction\",\"target\":[\"https:\\\/\\\/lyceemermoz.edu.ar\\\/v5\\\/las-ciencias-en-primer-plano-los-alumnos-se-reunen-con-cuatro-academicos-franceses-de-renombre\\\/\"]}]},{\"@type\":\"ImageObject\",\"inLanguage\":\"fr-FR\",\"@id\":\"https:\\\/\\\/lyceemermoz.edu.ar\\\/v5\\\/las-ciencias-en-primer-plano-los-alumnos-se-reunen-con-cuatro-academicos-franceses-de-renombre\\\/#primaryimage\",\"url\":\"https:\\\/\\\/lyceemermoz.edu.ar\\\/v5\\\/wp-content\\\/uploads\\\/WhatsApp-Image-2025-11-19-at-16.55.07.jpeg\",\"contentUrl\":\"https:\\\/\\\/lyceemermoz.edu.ar\\\/v5\\\/wp-content\\\/uploads\\\/WhatsApp-Image-2025-11-19-at-16.55.07.jpeg\",\"width\":1280,\"height\":960,\"caption\":\"Acad\u00e9mie des Sciences rencontre avec 4 acad\u00e9miciens de renom\"},{\"@type\":\"BreadcrumbList\",\"@id\":\"https:\\\/\\\/lyceemermoz.edu.ar\\\/v5\\\/las-ciencias-en-primer-plano-los-alumnos-se-reunen-con-cuatro-academicos-franceses-de-renombre\\\/#breadcrumb\",\"itemListElement\":[{\"@type\":\"ListItem\",\"position\":1,\"name\":\"Accueil\",\"item\":\"https:\\\/\\\/lyceemermoz.edu.ar\\\/v5\\\/\"},{\"@type\":\"ListItem\",\"position\":2,\"name\":\"Las ciencias en primer plano: los alumnos se re\u00fanen con cuatro acad\u00e9micos franceses de renombre\"}]},{\"@type\":\"WebSite\",\"@id\":\"https:\\\/\\\/lyceemermoz.edu.ar\\\/v5\\\/#website\",\"url\":\"https:\\\/\\\/lyceemermoz.edu.ar\\\/v5\\\/\",\"name\":\"Lyc\u00e9e Franco-Argentin Jean Mermoz\",\"description\":\"Jean Mermoz, Buenos Aires\",\"publisher\":{\"@id\":\"https:\\\/\\\/lyceemermoz.edu.ar\\\/v5\\\/#organization\"},\"potentialAction\":[{\"@type\":\"SearchAction\",\"target\":{\"@type\":\"EntryPoint\",\"urlTemplate\":\"https:\\\/\\\/lyceemermoz.edu.ar\\\/v5\\\/?s={search_term_string}\"},\"query-input\":{\"@type\":\"PropertyValueSpecification\",\"valueRequired\":true,\"valueName\":\"search_term_string\"}}],\"inLanguage\":\"fr-FR\"},{\"@type\":\"Organization\",\"@id\":\"https:\\\/\\\/lyceemermoz.edu.ar\\\/v5\\\/#organization\",\"name\":\"Lyc\u00e9e Franco-Argentin Jean Mermoz - Liceo Franco-Argentino Jean Mermoz\",\"url\":\"https:\\\/\\\/lyceemermoz.edu.ar\\\/v5\\\/\",\"logo\":{\"@type\":\"ImageObject\",\"inLanguage\":\"fr-FR\",\"@id\":\"https:\\\/\\\/lyceemermoz.edu.ar\\\/v5\\\/#\\\/schema\\\/logo\\\/image\\\/\",\"url\":\"https:\\\/\\\/lyceemermoz.edu.ar\\\/v5\\\/wp-content\\\/uploads\\\/logoJM-scaled.jpg\",\"contentUrl\":\"https:\\\/\\\/lyceemermoz.edu.ar\\\/v5\\\/wp-content\\\/uploads\\\/logoJM-scaled.jpg\",\"width\":2560,\"height\":2560,\"caption\":\"Lyc\u00e9e Franco-Argentin Jean Mermoz - Liceo Franco-Argentino Jean Mermoz\"},\"image\":{\"@id\":\"https:\\\/\\\/lyceemermoz.edu.ar\\\/v5\\\/#\\\/schema\\\/logo\\\/image\\\/\"},\"sameAs\":[\"https:\\\/\\\/x.com\\\/LJMBuenosAires\",\"https:\\\/\\\/www.instagram.com\\\/ljmbuenosaires\\\/\"]},{\"@type\":\"Person\",\"@id\":\"https:\\\/\\\/lyceemermoz.edu.ar\\\/v5\\\/#\\\/schema\\\/person\\\/37997257e6cb71fb35304efddbe67b47\",\"name\":\"Corinne Petrelli\",\"image\":{\"@type\":\"ImageObject\",\"inLanguage\":\"fr-FR\",\"@id\":\"https:\\\/\\\/secure.gravatar.com\\\/avatar\\\/95675f9c455f787082e07aab736d3e229111653765cf8b882c36e0f219d29976?s=96&d=mm&r=g\",\"url\":\"https:\\\/\\\/secure.gravatar.com\\\/avatar\\\/95675f9c455f787082e07aab736d3e229111653765cf8b882c36e0f219d29976?s=96&d=mm&r=g\",\"contentUrl\":\"https:\\\/\\\/secure.gravatar.com\\\/avatar\\\/95675f9c455f787082e07aab736d3e229111653765cf8b882c36e0f219d29976?s=96&d=mm&r=g\",\"caption\":\"Corinne Petrelli\"},\"sameAs\":[\"https:\\\/\\\/lyceemermoz.edu.ar\\\/\"]}]}<\/script>\n<!-- \/ Yoast SEO plugin. -->","yoast_head_json":{"title":"Las ciencias en primer plano: los alumnos se re\u00fanen con cuatro acad\u00e9micos franceses de renombre - Lyc\u00e9e Franco-Argentin Jean Mermoz","description":"Las ciencias en primer plano: nuestros alumnos se re\u00fanen con cuatro acad\u00e9micos franceses de renombre para un intercambio excepcional.","robots":{"index":"index","follow":"follow","max-snippet":"max-snippet:-1","max-image-preview":"max-image-preview:large","max-video-preview":"max-video-preview:-1"},"canonical":"https:\/\/lyceemermoz.edu.ar\/v5\/las-ciencias-en-primer-plano-los-alumnos-se-reunen-con-cuatro-academicos-franceses-de-renombre\/","og_locale":"fr_FR","og_type":"article","og_title":"Las ciencias en primer plano: los alumnos se re\u00fanen con cuatro acad\u00e9micos franceses de renombre - Lyc\u00e9e Franco-Argentin Jean Mermoz","og_description":"Las ciencias en primer plano: nuestros alumnos se re\u00fanen con cuatro acad\u00e9micos franceses de renombre para un intercambio excepcional.","og_url":"https:\/\/lyceemermoz.edu.ar\/v5\/las-ciencias-en-primer-plano-los-alumnos-se-reunen-con-cuatro-academicos-franceses-de-renombre\/","og_site_name":"Lyc\u00e9e Franco-Argentin Jean Mermoz","article_published_time":"2025-11-20T16:44:31+00:00","article_modified_time":"2025-11-20T16:51:42+00:00","og_image":[{"width":1280,"height":960,"url":"https:\/\/lyceemermoz.edu.ar\/v5\/wp-content\/uploads\/WhatsApp-Image-2025-11-19-at-16.55.07.jpeg","type":"image\/jpeg"}],"author":"Corinne Petrelli","twitter_card":"summary_large_image","twitter_creator":"@LJMBuenosAires","twitter_site":"@LJMBuenosAires","twitter_misc":{"\u00c9crit par":"Corinne Petrelli","Dur\u00e9e de lecture estim\u00e9e":"3 minutes"},"schema":{"@context":"https:\/\/schema.org","@graph":[{"@type":"Article","@id":"https:\/\/lyceemermoz.edu.ar\/v5\/las-ciencias-en-primer-plano-los-alumnos-se-reunen-con-cuatro-academicos-franceses-de-renombre\/#article","isPartOf":{"@id":"https:\/\/lyceemermoz.edu.ar\/v5\/las-ciencias-en-primer-plano-los-alumnos-se-reunen-con-cuatro-academicos-franceses-de-renombre\/"},"author":{"name":"Corinne Petrelli","@id":"https:\/\/lyceemermoz.edu.ar\/v5\/#\/schema\/person\/37997257e6cb71fb35304efddbe67b47"},"headline":"Las ciencias en primer plano: los alumnos se re\u00fanen con cuatro acad\u00e9micos franceses de renombre","datePublished":"2025-11-20T16:44:31+00:00","dateModified":"2025-11-20T16:51:42+00:00","mainEntityOfPage":{"@id":"https:\/\/lyceemermoz.edu.ar\/v5\/las-ciencias-en-primer-plano-los-alumnos-se-reunen-con-cuatro-academicos-franceses-de-renombre\/"},"wordCount":506,"publisher":{"@id":"https:\/\/lyceemermoz.edu.ar\/v5\/#organization"},"image":{"@id":"https:\/\/lyceemermoz.edu.ar\/v5\/las-ciencias-en-primer-plano-los-alumnos-se-reunen-con-cuatro-academicos-franceses-de-renombre\/#primaryimage"},"thumbnailUrl":"https:\/\/lyceemermoz.edu.ar\/v5\/wp-content\/uploads\/WhatsApp-Image-2025-11-19-at-16.55.07.jpeg","articleSection":["ACTUALIDADES","Eventos"],"inLanguage":"fr-FR"},{"@type":"WebPage","@id":"https:\/\/lyceemermoz.edu.ar\/v5\/las-ciencias-en-primer-plano-los-alumnos-se-reunen-con-cuatro-academicos-franceses-de-renombre\/","url":"https:\/\/lyceemermoz.edu.ar\/v5\/las-ciencias-en-primer-plano-los-alumnos-se-reunen-con-cuatro-academicos-franceses-de-renombre\/","name":"Las ciencias en primer plano: los alumnos se re\u00fanen con cuatro acad\u00e9micos franceses de renombre - Lyc\u00e9e Franco-Argentin Jean Mermoz","isPartOf":{"@id":"https:\/\/lyceemermoz.edu.ar\/v5\/#website"},"primaryImageOfPage":{"@id":"https:\/\/lyceemermoz.edu.ar\/v5\/las-ciencias-en-primer-plano-los-alumnos-se-reunen-con-cuatro-academicos-franceses-de-renombre\/#primaryimage"},"image":{"@id":"https:\/\/lyceemermoz.edu.ar\/v5\/las-ciencias-en-primer-plano-los-alumnos-se-reunen-con-cuatro-academicos-franceses-de-renombre\/#primaryimage"},"thumbnailUrl":"https:\/\/lyceemermoz.edu.ar\/v5\/wp-content\/uploads\/WhatsApp-Image-2025-11-19-at-16.55.07.jpeg","datePublished":"2025-11-20T16:44:31+00:00","dateModified":"2025-11-20T16:51:42+00:00","description":"Las ciencias en primer plano: nuestros alumnos se re\u00fanen con cuatro acad\u00e9micos franceses de renombre para un intercambio excepcional.","breadcrumb":{"@id":"https:\/\/lyceemermoz.edu.ar\/v5\/las-ciencias-en-primer-plano-los-alumnos-se-reunen-con-cuatro-academicos-franceses-de-renombre\/#breadcrumb"},"inLanguage":"fr-FR","potentialAction":[{"@type":"ReadAction","target":["https:\/\/lyceemermoz.edu.ar\/v5\/las-ciencias-en-primer-plano-los-alumnos-se-reunen-con-cuatro-academicos-franceses-de-renombre\/"]}]},{"@type":"ImageObject","inLanguage":"fr-FR","@id":"https:\/\/lyceemermoz.edu.ar\/v5\/las-ciencias-en-primer-plano-los-alumnos-se-reunen-con-cuatro-academicos-franceses-de-renombre\/#primaryimage","url":"https:\/\/lyceemermoz.edu.ar\/v5\/wp-content\/uploads\/WhatsApp-Image-2025-11-19-at-16.55.07.jpeg","contentUrl":"https:\/\/lyceemermoz.edu.ar\/v5\/wp-content\/uploads\/WhatsApp-Image-2025-11-19-at-16.55.07.jpeg","width":1280,"height":960,"caption":"Acad\u00e9mie des Sciences rencontre avec 4 acad\u00e9miciens de renom"},{"@type":"BreadcrumbList","@id":"https:\/\/lyceemermoz.edu.ar\/v5\/las-ciencias-en-primer-plano-los-alumnos-se-reunen-con-cuatro-academicos-franceses-de-renombre\/#breadcrumb","itemListElement":[{"@type":"ListItem","position":1,"name":"Accueil","item":"https:\/\/lyceemermoz.edu.ar\/v5\/"},{"@type":"ListItem","position":2,"name":"Las ciencias en primer plano: los alumnos se re\u00fanen con cuatro acad\u00e9micos franceses de renombre"}]},{"@type":"WebSite","@id":"https:\/\/lyceemermoz.edu.ar\/v5\/#website","url":"https:\/\/lyceemermoz.edu.ar\/v5\/","name":"Lyc\u00e9e Franco-Argentin Jean Mermoz","description":"Jean Mermoz, Buenos Aires","publisher":{"@id":"https:\/\/lyceemermoz.edu.ar\/v5\/#organization"},"potentialAction":[{"@type":"SearchAction","target":{"@type":"EntryPoint","urlTemplate":"https:\/\/lyceemermoz.edu.ar\/v5\/?s={search_term_string}"},"query-input":{"@type":"PropertyValueSpecification","valueRequired":true,"valueName":"search_term_string"}}],"inLanguage":"fr-FR"},{"@type":"Organization","@id":"https:\/\/lyceemermoz.edu.ar\/v5\/#organization","name":"Lyc\u00e9e Franco-Argentin Jean Mermoz - Liceo Franco-Argentino Jean Mermoz","url":"https:\/\/lyceemermoz.edu.ar\/v5\/","logo":{"@type":"ImageObject","inLanguage":"fr-FR","@id":"https:\/\/lyceemermoz.edu.ar\/v5\/#\/schema\/logo\/image\/","url":"https:\/\/lyceemermoz.edu.ar\/v5\/wp-content\/uploads\/logoJM-scaled.jpg","contentUrl":"https:\/\/lyceemermoz.edu.ar\/v5\/wp-content\/uploads\/logoJM-scaled.jpg","width":2560,"height":2560,"caption":"Lyc\u00e9e Franco-Argentin Jean Mermoz - Liceo Franco-Argentino Jean Mermoz"},"image":{"@id":"https:\/\/lyceemermoz.edu.ar\/v5\/#\/schema\/logo\/image\/"},"sameAs":["https:\/\/x.com\/LJMBuenosAires","https:\/\/www.instagram.com\/ljmbuenosaires\/"]},{"@type":"Person","@id":"https:\/\/lyceemermoz.edu.ar\/v5\/#\/schema\/person\/37997257e6cb71fb35304efddbe67b47","name":"Corinne Petrelli","image":{"@type":"ImageObject","inLanguage":"fr-FR","@id":"https:\/\/secure.gravatar.com\/avatar\/95675f9c455f787082e07aab736d3e229111653765cf8b882c36e0f219d29976?s=96&d=mm&r=g","url":"https:\/\/secure.gravatar.com\/avatar\/95675f9c455f787082e07aab736d3e229111653765cf8b882c36e0f219d29976?s=96&d=mm&r=g","contentUrl":"https:\/\/secure.gravatar.com\/avatar\/95675f9c455f787082e07aab736d3e229111653765cf8b882c36e0f219d29976?s=96&d=mm&r=g","caption":"Corinne Petrelli"},"sameAs":["https:\/\/lyceemermoz.edu.ar\/"]}]}},"_links":{"self":[{"href":"https:\/\/lyceemermoz.edu.ar\/v5\/wp-json\/wp\/v2\/posts\/32844","targetHints":{"allow":["GET"]}}],"collection":[{"href":"https:\/\/lyceemermoz.edu.ar\/v5\/wp-json\/wp\/v2\/posts"}],"about":[{"href":"https:\/\/lyceemermoz.edu.ar\/v5\/wp-json\/wp\/v2\/types\/post"}],"author":[{"embeddable":true,"href":"https:\/\/lyceemermoz.edu.ar\/v5\/wp-json\/wp\/v2\/users\/13"}],"replies":[{"embeddable":true,"href":"https:\/\/lyceemermoz.edu.ar\/v5\/wp-json\/wp\/v2\/comments?post=32844"}],"version-history":[{"count":7,"href":"https:\/\/lyceemermoz.edu.ar\/v5\/wp-json\/wp\/v2\/posts\/32844\/revisions"}],"predecessor-version":[{"id":32852,"href":"https:\/\/lyceemermoz.edu.ar\/v5\/wp-json\/wp\/v2\/posts\/32844\/revisions\/32852"}],"wp:featuredmedia":[{"embeddable":true,"href":"https:\/\/lyceemermoz.edu.ar\/v5\/wp-json\/wp\/v2\/media\/32820"}],"wp:attachment":[{"href":"https:\/\/lyceemermoz.edu.ar\/v5\/wp-json\/wp\/v2\/media?parent=32844"}],"wp:term":[{"taxonomy":"category","embeddable":true,"href":"https:\/\/lyceemermoz.edu.ar\/v5\/wp-json\/wp\/v2\/categories?post=32844"},{"taxonomy":"post_tag","embeddable":true,"href":"https:\/\/lyceemermoz.edu.ar\/v5\/wp-json\/wp\/v2\/tags?post=32844"}],"curies":[{"name":"wp","href":"https:\/\/api.w.org\/{rel}","templated":true}]}}