{"id":28502,"date":"2025-09-03T14:25:53","date_gmt":"2025-09-03T14:25:53","guid":{"rendered":"https:\/\/lyceemermoz.edu.ar\/v5\/?p=28502"},"modified":"2025-09-08T17:57:50","modified_gmt":"2025-09-08T17:57:50","slug":"calendrier-des-dates-officielles-du-baccalaureat-francais-2025","status":"publish","type":"post","link":"https:\/\/lyceemermoz.edu.ar\/v5\/calendrier-des-dates-officielles-du-baccalaureat-francais-2025\/","title":{"rendered":"Calendrier des dates officielles du baccalaur\u00e9at fran\u00e7ais 2025"},"content":{"rendered":"\t\t<div data-elementor-type=\"wp-post\" data-elementor-id=\"28502\" class=\"elementor elementor-28502\" data-elementor-post-type=\"post\">\n\t\t\t\t\t\t<section class=\"elementor-section elementor-top-section elementor-element elementor-element-82d1622 elementor-section-boxed elementor-section-height-default elementor-section-height-default\" data-id=\"82d1622\" data-element_type=\"section\" data-e-type=\"section\">\n\t\t\t\t\t\t<div class=\"elementor-container elementor-column-gap-default\">\n\t\t\t\t\t<div class=\"elementor-column elementor-col-100 elementor-top-column elementor-element elementor-element-7df2f13\" data-id=\"7df2f13\" data-element_type=\"column\" data-e-type=\"column\">\n\t\t\t<div class=\"elementor-widget-wrap elementor-element-populated\">\n\t\t\t\t\t\t<div class=\"elementor-element elementor-element-877e21d elementor-widget-divider--view-line elementor-widget elementor-widget-divider\" data-id=\"877e21d\" data-element_type=\"widget\" data-e-type=\"widget\" data-widget_type=\"divider.default\">\n\t\t\t\t\t\t\t<div class=\"elementor-divider\">\n\t\t\t<span class=\"elementor-divider-separator\">\n\t\t\t\t\t\t<\/span>\n\t\t<\/div>\n\t\t\t\t\t\t<\/div>\n\t\t\t\t<div class=\"elementor-element elementor-element-1c63310 elementor-widget elementor-widget-text-editor\" data-id=\"1c63310\" data-element_type=\"widget\" data-e-type=\"widget\" data-widget_type=\"text-editor.default\">\n\t\t\t\t\t\t\t\t\t<p>Le calendrier officiel <strong>des \u00e9preuves finales du Baccalaur\u00e9at fran\u00e7ais 2025<\/strong> est d\u00e9sormais disponible. Nous vous le partageons dans cet article afin que les \u00e9l\u00e8ves et les familles puissent anticiper au mieux cette \u00e9tape importante.<\/p>\t\t\t\t\t\t\t\t<\/div>\n\t\t\t\t<div class=\"elementor-element elementor-element-55cd536 elementor-widget elementor-widget-heading\" data-id=\"55cd536\" data-element_type=\"widget\" data-e-type=\"widget\" data-widget_type=\"heading.default\">\n\t\t\t\t\t<h2 class=\"elementor-heading-title elementor-size-default\"><span>Calendrier Dates Officielles\nExamens&nbsp;<\/span><span>du Baccalaur\u00e9at fran\u00e7ais <\/span><\/h2>\t\t\t\t<\/div>\n\t\t\t\t<div class=\"elementor-element elementor-element-156c86b elementor-widget elementor-widget-spacer\" data-id=\"156c86b\" data-element_type=\"widget\" data-e-type=\"widget\" data-widget_type=\"spacer.default\">\n\t\t\t\t\t\t\t<div class=\"elementor-spacer\">\n\t\t\t<div class=\"elementor-spacer-inner\"><\/div>\n\t\t<\/div>\n\t\t\t\t\t\t<\/div>\n\t\t<div class=\"elementor-element elementor-element-e50be67 e-grid e-con-boxed e-con e-parent\" data-id=\"e50be67\" data-element_type=\"container\" data-e-type=\"container\">\n\t\t\t\t\t<div class=\"e-con-inner\">\n\t\t\t\t<div class=\"elementor-element elementor-element-567bca4 elementor-cta--skin-classic elementor-animated-content elementor-bg-transform elementor-bg-transform-zoom-in elementor-widget elementor-widget-call-to-action\" data-id=\"567bca4\" data-element_type=\"widget\" data-e-type=\"widget\" data-widget_type=\"call-to-action.default\">\n\t\t\t\t\t\t\t<div class=\"elementor-cta\">\n\t\t\t\t\t<div class=\"elementor-cta__bg-wrapper\">\n\t\t\t\t<div class=\"elementor-cta__bg elementor-bg\" style=\"background-image: url(https:\/\/lyceemermoz.edu.ar\/v5\/wp-content\/uploads\/Capture-decran-2025-09-08-a-14.49.33-1024x510.png);\" role=\"img\" aria-label=\"Capture d\u2019\u00e9cran 2025-09-08 \u00e0 14.49.33\"><\/div>\n\t\t\t\t<div class=\"elementor-cta__bg-overlay\"><\/div>\n\t\t\t<\/div>\n\t\t\t\t\t\t\t<div class=\"elementor-cta__content\">\n\t\t\t\t\n\t\t\t\t\t\t\t\t\t<h2 class=\"elementor-cta__title elementor-cta__content-item elementor-content-item\">\n\t\t\t\t\t\tCalendrier Baccalaur\u00e9at Classes de 1\u00e8re\t\t\t\t\t<\/h2>\n\t\t\t\t\n\t\t\t\t\t\t\t\t\t<div class=\"elementor-cta__description elementor-cta__content-item elementor-content-item\">\n\t\t\t\t\t\tDates des entrainements et des examens officiels\t\t\t\t\t<\/div>\n\t\t\t\t\n\t\t\t\t\t\t\t\t\t<div class=\"elementor-cta__button-wrapper elementor-cta__content-item elementor-content-item \">\n\t\t\t\t\t<a class=\"elementor-cta__button elementor-button elementor-size-\" href=\"https:\/\/lyceemermoz.edu.ar\/v5\/wp-content\/uploads\/Examen-Bac-2025.pdf\" target=\"_blank\">\n\t\t\t\t\t\tT\u00e9l\u00e9charger ici\t\t\t\t\t<\/a>\n\t\t\t\t\t<\/div>\n\t\t\t\t\t\t\t<\/div>\n\t\t\t\t\t\t<\/div>\n\t\t\t\t\t\t<\/div>\n\t\t\t\t<div class=\"elementor-element elementor-element-e521ea6 elementor-cta--skin-classic elementor-animated-content elementor-bg-transform elementor-bg-transform-zoom-in elementor-widget elementor-widget-call-to-action\" data-id=\"e521ea6\" data-element_type=\"widget\" data-e-type=\"widget\" data-widget_type=\"call-to-action.default\">\n\t\t\t\t\t\t\t<div class=\"elementor-cta\">\n\t\t\t\t\t<div class=\"elementor-cta__bg-wrapper\">\n\t\t\t\t<div class=\"elementor-cta__bg elementor-bg\" style=\"background-image: url(https:\/\/lyceemermoz.edu.ar\/v5\/wp-content\/uploads\/Capture-decran-2025-09-08-a-14.54.02-1024x578.png);\" role=\"img\" aria-label=\"Capture d\u2019\u00e9cran 2025-09-08 \u00e0 14.54.02\"><\/div>\n\t\t\t\t<div class=\"elementor-cta__bg-overlay\"><\/div>\n\t\t\t<\/div>\n\t\t\t\t\t\t\t<div class=\"elementor-cta__content\">\n\t\t\t\t\n\t\t\t\t\t\t\t\t\t<h2 class=\"elementor-cta__title elementor-cta__content-item elementor-content-item\">\n\t\t\t\t\t\tCalendrier Baccalaur\u00e9at Classes de Terminale\t\t\t\t\t<\/h2>\n\t\t\t\t\n\t\t\t\t\t\t\t\t\t<div class=\"elementor-cta__description elementor-cta__content-item elementor-content-item\">\n\t\t\t\t\t\tDates des entrainements et des examens officiels\t\t\t\t\t<\/div>\n\t\t\t\t\n\t\t\t\t\t\t\t\t\t<div class=\"elementor-cta__button-wrapper elementor-cta__content-item elementor-content-item \">\n\t\t\t\t\t<a class=\"elementor-cta__button elementor-button elementor-size-\" href=\"https:\/\/lyceemermoz.edu.ar\/v5\/wp-content\/uploads\/TERMINALE-SEPTIEMBRE-2025-4-1.pdf\" target=\"_blank\">\n\t\t\t\t\t\tT\u00e9l\u00e9charger ici\t\t\t\t\t<\/a>\n\t\t\t\t\t<\/div>\n\t\t\t\t\t\t\t<\/div>\n\t\t\t\t\t\t<\/div>\n\t\t\t\t\t\t<\/div>\n\t\t\t\t\t<\/div>\n\t\t\t\t<\/div>\n\t\t\t\t<div class=\"elementor-element elementor-element-b907103 elementor-widget elementor-widget-spacer\" data-id=\"b907103\" data-element_type=\"widget\" data-e-type=\"widget\" data-widget_type=\"spacer.default\">\n\t\t\t\t\t\t\t<div class=\"elementor-spacer\">\n\t\t\t<div class=\"elementor-spacer-inner\"><\/div>\n\t\t<\/div>\n\t\t\t\t\t\t<\/div>\n\t\t\t\t<div class=\"elementor-element elementor-element-61c3d44 elementor-widget elementor-widget-heading\" data-id=\"61c3d44\" data-element_type=\"widget\" data-e-type=\"widget\" data-widget_type=\"heading.default\">\n\t\t\t\t\t<h2 class=\"elementor-heading-title elementor-size-default\"><span>Importance du Baccalaur\u00e9at fran\u00e7ais<\/span><br><span>pour nos \u00e9tudiants <\/span><\/h2>\t\t\t\t<\/div>\n\t\t\t\t<div class=\"elementor-element elementor-element-024ed93 elementor-widget elementor-widget-text-editor\" data-id=\"024ed93\" data-element_type=\"widget\" data-e-type=\"widget\" data-widget_type=\"text-editor.default\">\n\t\t\t\t\t\t\t\t\t<p data-start=\"42\" data-end=\"447\"><strong>Le Baccalaur\u00e9at fran\u00e7ais<\/strong> est le dipl\u00f4me qui marque la fin de la scolarit\u00e9 secondaire dans le syst\u00e8me \u00e9ducatif fran\u00e7ais. Reconnue internationalement, cette certification ouvre les portes des universit\u00e9s et des grandes \u00e9coles en France, en Europe et dans le reste du monde. Il s\u2019agit d\u2019une \u00e9tape d\u00e9cisive dans la vie acad\u00e9mique des \u00e9l\u00e8ves, qui allie exigence, effort et pr\u00e9paration aux \u00e9tudes sup\u00e9rieures.<\/p><p data-start=\"449\" data-end=\"753\">Chaque ann\u00e9e, les \u00e9l\u00e8ves du<strong> Lyc\u00e9e Franco-Argentin Jean Mermoz<\/strong> passent cet examen \u00e0 l\u2019issue d\u2019un parcours scolaire qui leur permet \u00e9galement d\u2019obtenir le baccalaur\u00e9at argentin.\u00a0<strong>Ainsi, ils concluent leur scolarit\u00e9 secondaire avec un double baccalaur\u00e9at, reconnu \u00e0 la fois en Argentine et en France, dans un parcours acad\u00e9mique unique.<\/strong><\/p>\t\t\t\t\t\t\t\t<\/div>\n\t\t\t\t<div class=\"elementor-element elementor-element-da8c460 elementor-widget elementor-widget-spacer\" data-id=\"da8c460\" data-element_type=\"widget\" data-e-type=\"widget\" data-widget_type=\"spacer.default\">\n\t\t\t\t\t\t\t<div class=\"elementor-spacer\">\n\t\t\t<div class=\"elementor-spacer-inner\"><\/div>\n\t\t<\/div>\n\t\t\t\t\t\t<\/div>\n\t\t\t\t<div class=\"elementor-element elementor-element-23e82ac elementor-widget elementor-widget-heading\" data-id=\"23e82ac\" data-element_type=\"widget\" data-e-type=\"widget\" data-widget_type=\"heading.default\">\n\t\t\t\t\t<h2 class=\"elementor-heading-title elementor-size-default\">Accompagnement et engagement&nbsp;<div>du Lyc\u00e9e Franco-Argentin Jean Mermoz<\/div><\/h2>\t\t\t\t<\/div>\n\t\t\t\t<div class=\"elementor-element elementor-element-fe5cebe elementor-widget elementor-widget-text-editor\" data-id=\"fe5cebe\" data-element_type=\"widget\" data-e-type=\"widget\" data-widget_type=\"text-editor.default\">\n\t\t\t\t\t\t\t\t\t<p data-start=\"42\" data-end=\"252\">Nous savons que cette p\u00e9riode demande un grand effort, tant pour les \u00e9l\u00e8ves que pour leurs familles. C\u2019est pourquoi nos \u00e9quipes p\u00e9dagogiques et \u00e9ducatives accompagnent chaque \u00e9l\u00e8ve avec un suivi personnalis\u00e9.<\/p><p data-start=\"254\" data-end=\"336\">Notre objectif est que <strong>tous les \u00e9l\u00e8ves abordent les \u00e9preuves en toute confiance.<\/strong><\/p><p data-start=\"338\" data-end=\"430\"><strong>Pour toute question compl\u00e9mentaire,<\/strong> l\u2019\u00e9quipe p\u00e9dagogique du Lyc\u00e9e reste \u00e0 la disposition des familles.<\/p>\t\t\t\t\t\t\t\t<\/div>\n\t\t\t\t\t<\/div>\n\t\t<\/div>\n\t\t\t\t\t<\/div>\n\t\t<\/section>\n\t\t<div class=\"elementor-element elementor-element-b614720 e-flex e-con-boxed e-con e-parent\" data-id=\"b614720\" data-element_type=\"container\" data-e-type=\"container\">\n\t\t\t\t\t<div class=\"e-con-inner\">\n\t\t\t\t\t<\/div>\n\t\t\t\t<\/div>\n\t\t\t\t<\/div>\n\t\t","protected":false},"excerpt":{"rendered":"<p>Le calendrier officiel des \u00e9preuves finales du Baccalaur\u00e9at fran\u00e7ais 2025 est d\u00e9sormais disponible. Nous le partageons dans cet article avec l\u2019ensemble de notre communaut\u00e9 \u00e9ducative afin que les \u00e9l\u00e8ves et les familles puissent anticiper au mieux cette \u00e9tape si importante.<\/p>\n","protected":false},"author":13,"featured_media":28495,"comment_status":"closed","ping_status":"closed","sticky":false,"template":"","format":"standard","meta":{"iawp_total_views":6,"footnotes":""},"categories":[5],"tags":[],"class_list":["post-28502","post","type-post","status-publish","format-standard","has-post-thumbnail","hentry","category-actualites"],"yoast_head":"<!-- This site is optimized with the Yoast SEO plugin v27.4 - https:\/\/yoast.com\/product\/yoast-seo-wordpress\/ -->\n<title>Calendrier des dates officielles du baccalaur\u00e9at fran\u00e7ais 2025 - Lyc\u00e9e Franco-Argentin Jean Mermoz<\/title>\n<meta name=\"description\" content=\"El liceo franco-argentino Jean Mermoz es un establecimiento laico, biling\u00fce y bicultural, integrando de manear harmoniosa le educaci\u00f3n de ambos pa\u00edses.\" \/>\n<meta name=\"robots\" content=\"index, follow, max-snippet:-1, max-image-preview:large, max-video-preview:-1\" \/>\n<link rel=\"canonical\" href=\"https:\/\/lyceemermoz.edu.ar\/v5\/calendrier-des-dates-officielles-du-baccalaureat-francais-2025\/\" \/>\n<meta property=\"og:locale\" content=\"fr_FR\" \/>\n<meta property=\"og:type\" content=\"article\" \/>\n<meta property=\"og:title\" content=\"Calendrier des dates officielles du baccalaur\u00e9at fran\u00e7ais 2025 - Lyc\u00e9e Franco-Argentin Jean Mermoz\" \/>\n<meta property=\"og:description\" content=\"El liceo franco-argentino Jean Mermoz es un establecimiento laico, biling\u00fce y bicultural, integrando de manear harmoniosa le educaci\u00f3n de ambos pa\u00edses.\" \/>\n<meta property=\"og:url\" content=\"https:\/\/lyceemermoz.edu.ar\/v5\/calendrier-des-dates-officielles-du-baccalaureat-francais-2025\/\" \/>\n<meta property=\"og:site_name\" content=\"Lyc\u00e9e Franco-Argentin Jean Mermoz\" \/>\n<meta property=\"article:published_time\" content=\"2025-09-03T14:25:53+00:00\" \/>\n<meta property=\"article:modified_time\" content=\"2025-09-08T17:57:50+00:00\" \/>\n<meta property=\"og:image\" content=\"https:\/\/lyceemermoz.edu.ar\/v5\/wp-content\/uploads\/Blog-2.jpg\" \/>\n\t<meta property=\"og:image:width\" content=\"1920\" \/>\n\t<meta property=\"og:image:height\" content=\"480\" \/>\n\t<meta property=\"og:image:type\" content=\"image\/jpeg\" \/>\n<meta name=\"author\" content=\"Corinne Petrelli\" \/>\n<meta name=\"twitter:card\" content=\"summary_large_image\" \/>\n<meta name=\"twitter:creator\" content=\"@LJMBuenosAires\" \/>\n<meta name=\"twitter:site\" content=\"@LJMBuenosAires\" \/>\n<meta name=\"twitter:label1\" content=\"\u00c9crit par\" \/>\n\t<meta name=\"twitter:data1\" content=\"Corinne Petrelli\" \/>\n\t<meta name=\"twitter:label2\" content=\"Dur\u00e9e de lecture estim\u00e9e\" \/>\n\t<meta name=\"twitter:data2\" content=\"2 minutes\" \/>\n<script type=\"application\/ld+json\" class=\"yoast-schema-graph\">{\"@context\":\"https:\\\/\\\/schema.org\",\"@graph\":[{\"@type\":\"Article\",\"@id\":\"https:\\\/\\\/lyceemermoz.edu.ar\\\/v5\\\/calendrier-des-dates-officielles-du-baccalaureat-francais-2025\\\/#article\",\"isPartOf\":{\"@id\":\"https:\\\/\\\/lyceemermoz.edu.ar\\\/v5\\\/calendrier-des-dates-officielles-du-baccalaureat-francais-2025\\\/\"},\"author\":{\"name\":\"Corinne Petrelli\",\"@id\":\"https:\\\/\\\/lyceemermoz.edu.ar\\\/v5\\\/#\\\/schema\\\/person\\\/37997257e6cb71fb35304efddbe67b47\"},\"headline\":\"Calendrier des dates officielles du baccalaur\u00e9at fran\u00e7ais 2025\",\"datePublished\":\"2025-09-03T14:25:53+00:00\",\"dateModified\":\"2025-09-08T17:57:50+00:00\",\"mainEntityOfPage\":{\"@id\":\"https:\\\/\\\/lyceemermoz.edu.ar\\\/v5\\\/calendrier-des-dates-officielles-du-baccalaureat-francais-2025\\\/\"},\"wordCount\":306,\"publisher\":{\"@id\":\"https:\\\/\\\/lyceemermoz.edu.ar\\\/v5\\\/#organization\"},\"image\":{\"@id\":\"https:\\\/\\\/lyceemermoz.edu.ar\\\/v5\\\/calendrier-des-dates-officielles-du-baccalaureat-francais-2025\\\/#primaryimage\"},\"thumbnailUrl\":\"https:\\\/\\\/lyceemermoz.edu.ar\\\/v5\\\/wp-content\\\/uploads\\\/Blog-2.jpg\",\"articleSection\":[\"ACTUALIT\u00c9S\"],\"inLanguage\":\"fr-FR\"},{\"@type\":\"WebPage\",\"@id\":\"https:\\\/\\\/lyceemermoz.edu.ar\\\/v5\\\/calendrier-des-dates-officielles-du-baccalaureat-francais-2025\\\/\",\"url\":\"https:\\\/\\\/lyceemermoz.edu.ar\\\/v5\\\/calendrier-des-dates-officielles-du-baccalaureat-francais-2025\\\/\",\"name\":\"Calendrier des dates officielles du baccalaur\u00e9at fran\u00e7ais 2025 - Lyc\u00e9e Franco-Argentin Jean Mermoz\",\"isPartOf\":{\"@id\":\"https:\\\/\\\/lyceemermoz.edu.ar\\\/v5\\\/#website\"},\"primaryImageOfPage\":{\"@id\":\"https:\\\/\\\/lyceemermoz.edu.ar\\\/v5\\\/calendrier-des-dates-officielles-du-baccalaureat-francais-2025\\\/#primaryimage\"},\"image\":{\"@id\":\"https:\\\/\\\/lyceemermoz.edu.ar\\\/v5\\\/calendrier-des-dates-officielles-du-baccalaureat-francais-2025\\\/#primaryimage\"},\"thumbnailUrl\":\"https:\\\/\\\/lyceemermoz.edu.ar\\\/v5\\\/wp-content\\\/uploads\\\/Blog-2.jpg\",\"datePublished\":\"2025-09-03T14:25:53+00:00\",\"dateModified\":\"2025-09-08T17:57:50+00:00\",\"description\":\"El liceo franco-argentino Jean Mermoz es un establecimiento laico, biling\u00fce y bicultural, integrando de manear harmoniosa le educaci\u00f3n de ambos pa\u00edses.\",\"breadcrumb\":{\"@id\":\"https:\\\/\\\/lyceemermoz.edu.ar\\\/v5\\\/calendrier-des-dates-officielles-du-baccalaureat-francais-2025\\\/#breadcrumb\"},\"inLanguage\":\"fr-FR\",\"potentialAction\":[{\"@type\":\"ReadAction\",\"target\":[\"https:\\\/\\\/lyceemermoz.edu.ar\\\/v5\\\/calendrier-des-dates-officielles-du-baccalaureat-francais-2025\\\/\"]}]},{\"@type\":\"ImageObject\",\"inLanguage\":\"fr-FR\",\"@id\":\"https:\\\/\\\/lyceemermoz.edu.ar\\\/v5\\\/calendrier-des-dates-officielles-du-baccalaureat-francais-2025\\\/#primaryimage\",\"url\":\"https:\\\/\\\/lyceemermoz.edu.ar\\\/v5\\\/wp-content\\\/uploads\\\/Blog-2.jpg\",\"contentUrl\":\"https:\\\/\\\/lyceemermoz.edu.ar\\\/v5\\\/wp-content\\\/uploads\\\/Blog-2.jpg\",\"width\":1920,\"height\":480,\"caption\":\"Calendario imagen bac 2025\"},{\"@type\":\"BreadcrumbList\",\"@id\":\"https:\\\/\\\/lyceemermoz.edu.ar\\\/v5\\\/calendrier-des-dates-officielles-du-baccalaureat-francais-2025\\\/#breadcrumb\",\"itemListElement\":[{\"@type\":\"ListItem\",\"position\":1,\"name\":\"Accueil\",\"item\":\"https:\\\/\\\/lyceemermoz.edu.ar\\\/v5\\\/\"},{\"@type\":\"ListItem\",\"position\":2,\"name\":\"Calendrier des dates officielles du baccalaur\u00e9at fran\u00e7ais 2025\"}]},{\"@type\":\"WebSite\",\"@id\":\"https:\\\/\\\/lyceemermoz.edu.ar\\\/v5\\\/#website\",\"url\":\"https:\\\/\\\/lyceemermoz.edu.ar\\\/v5\\\/\",\"name\":\"Lyc\u00e9e Franco-Argentin Jean Mermoz\",\"description\":\"Jean Mermoz, Buenos Aires\",\"publisher\":{\"@id\":\"https:\\\/\\\/lyceemermoz.edu.ar\\\/v5\\\/#organization\"},\"potentialAction\":[{\"@type\":\"SearchAction\",\"target\":{\"@type\":\"EntryPoint\",\"urlTemplate\":\"https:\\\/\\\/lyceemermoz.edu.ar\\\/v5\\\/?s={search_term_string}\"},\"query-input\":{\"@type\":\"PropertyValueSpecification\",\"valueRequired\":true,\"valueName\":\"search_term_string\"}}],\"inLanguage\":\"fr-FR\"},{\"@type\":\"Organization\",\"@id\":\"https:\\\/\\\/lyceemermoz.edu.ar\\\/v5\\\/#organization\",\"name\":\"Lyc\u00e9e Franco-Argentin Jean Mermoz - Liceo Franco-Argentino Jean Mermoz\",\"url\":\"https:\\\/\\\/lyceemermoz.edu.ar\\\/v5\\\/\",\"logo\":{\"@type\":\"ImageObject\",\"inLanguage\":\"fr-FR\",\"@id\":\"https:\\\/\\\/lyceemermoz.edu.ar\\\/v5\\\/#\\\/schema\\\/logo\\\/image\\\/\",\"url\":\"https:\\\/\\\/lyceemermoz.edu.ar\\\/v5\\\/wp-content\\\/uploads\\\/logoJM-scaled.jpg\",\"contentUrl\":\"https:\\\/\\\/lyceemermoz.edu.ar\\\/v5\\\/wp-content\\\/uploads\\\/logoJM-scaled.jpg\",\"width\":2560,\"height\":2560,\"caption\":\"Lyc\u00e9e Franco-Argentin Jean Mermoz - Liceo Franco-Argentino Jean Mermoz\"},\"image\":{\"@id\":\"https:\\\/\\\/lyceemermoz.edu.ar\\\/v5\\\/#\\\/schema\\\/logo\\\/image\\\/\"},\"sameAs\":[\"https:\\\/\\\/x.com\\\/LJMBuenosAires\",\"https:\\\/\\\/www.instagram.com\\\/ljmbuenosaires\\\/\"]},{\"@type\":\"Person\",\"@id\":\"https:\\\/\\\/lyceemermoz.edu.ar\\\/v5\\\/#\\\/schema\\\/person\\\/37997257e6cb71fb35304efddbe67b47\",\"name\":\"Corinne Petrelli\",\"image\":{\"@type\":\"ImageObject\",\"inLanguage\":\"fr-FR\",\"@id\":\"https:\\\/\\\/secure.gravatar.com\\\/avatar\\\/95675f9c455f787082e07aab736d3e229111653765cf8b882c36e0f219d29976?s=96&d=mm&r=g\",\"url\":\"https:\\\/\\\/secure.gravatar.com\\\/avatar\\\/95675f9c455f787082e07aab736d3e229111653765cf8b882c36e0f219d29976?s=96&d=mm&r=g\",\"contentUrl\":\"https:\\\/\\\/secure.gravatar.com\\\/avatar\\\/95675f9c455f787082e07aab736d3e229111653765cf8b882c36e0f219d29976?s=96&d=mm&r=g\",\"caption\":\"Corinne Petrelli\"},\"sameAs\":[\"https:\\\/\\\/lyceemermoz.edu.ar\\\/\"]}]}<\/script>\n<!-- \/ Yoast SEO plugin. -->","yoast_head_json":{"title":"Calendrier des dates officielles du baccalaur\u00e9at fran\u00e7ais 2025 - Lyc\u00e9e Franco-Argentin Jean Mermoz","description":"El liceo franco-argentino Jean Mermoz es un establecimiento laico, biling\u00fce y bicultural, integrando de manear harmoniosa le educaci\u00f3n de ambos pa\u00edses.","robots":{"index":"index","follow":"follow","max-snippet":"max-snippet:-1","max-image-preview":"max-image-preview:large","max-video-preview":"max-video-preview:-1"},"canonical":"https:\/\/lyceemermoz.edu.ar\/v5\/calendrier-des-dates-officielles-du-baccalaureat-francais-2025\/","og_locale":"fr_FR","og_type":"article","og_title":"Calendrier des dates officielles du baccalaur\u00e9at fran\u00e7ais 2025 - Lyc\u00e9e Franco-Argentin Jean Mermoz","og_description":"El liceo franco-argentino Jean Mermoz es un establecimiento laico, biling\u00fce y bicultural, integrando de manear harmoniosa le educaci\u00f3n de ambos pa\u00edses.","og_url":"https:\/\/lyceemermoz.edu.ar\/v5\/calendrier-des-dates-officielles-du-baccalaureat-francais-2025\/","og_site_name":"Lyc\u00e9e Franco-Argentin Jean Mermoz","article_published_time":"2025-09-03T14:25:53+00:00","article_modified_time":"2025-09-08T17:57:50+00:00","og_image":[{"width":1920,"height":480,"url":"https:\/\/lyceemermoz.edu.ar\/v5\/wp-content\/uploads\/Blog-2.jpg","type":"image\/jpeg"}],"author":"Corinne Petrelli","twitter_card":"summary_large_image","twitter_creator":"@LJMBuenosAires","twitter_site":"@LJMBuenosAires","twitter_misc":{"\u00c9crit par":"Corinne Petrelli","Dur\u00e9e de lecture estim\u00e9e":"2 minutes"},"schema":{"@context":"https:\/\/schema.org","@graph":[{"@type":"Article","@id":"https:\/\/lyceemermoz.edu.ar\/v5\/calendrier-des-dates-officielles-du-baccalaureat-francais-2025\/#article","isPartOf":{"@id":"https:\/\/lyceemermoz.edu.ar\/v5\/calendrier-des-dates-officielles-du-baccalaureat-francais-2025\/"},"author":{"name":"Corinne Petrelli","@id":"https:\/\/lyceemermoz.edu.ar\/v5\/#\/schema\/person\/37997257e6cb71fb35304efddbe67b47"},"headline":"Calendrier des dates officielles du baccalaur\u00e9at fran\u00e7ais 2025","datePublished":"2025-09-03T14:25:53+00:00","dateModified":"2025-09-08T17:57:50+00:00","mainEntityOfPage":{"@id":"https:\/\/lyceemermoz.edu.ar\/v5\/calendrier-des-dates-officielles-du-baccalaureat-francais-2025\/"},"wordCount":306,"publisher":{"@id":"https:\/\/lyceemermoz.edu.ar\/v5\/#organization"},"image":{"@id":"https:\/\/lyceemermoz.edu.ar\/v5\/calendrier-des-dates-officielles-du-baccalaureat-francais-2025\/#primaryimage"},"thumbnailUrl":"https:\/\/lyceemermoz.edu.ar\/v5\/wp-content\/uploads\/Blog-2.jpg","articleSection":["ACTUALIT\u00c9S"],"inLanguage":"fr-FR"},{"@type":"WebPage","@id":"https:\/\/lyceemermoz.edu.ar\/v5\/calendrier-des-dates-officielles-du-baccalaureat-francais-2025\/","url":"https:\/\/lyceemermoz.edu.ar\/v5\/calendrier-des-dates-officielles-du-baccalaureat-francais-2025\/","name":"Calendrier des dates officielles du baccalaur\u00e9at fran\u00e7ais 2025 - Lyc\u00e9e Franco-Argentin Jean Mermoz","isPartOf":{"@id":"https:\/\/lyceemermoz.edu.ar\/v5\/#website"},"primaryImageOfPage":{"@id":"https:\/\/lyceemermoz.edu.ar\/v5\/calendrier-des-dates-officielles-du-baccalaureat-francais-2025\/#primaryimage"},"image":{"@id":"https:\/\/lyceemermoz.edu.ar\/v5\/calendrier-des-dates-officielles-du-baccalaureat-francais-2025\/#primaryimage"},"thumbnailUrl":"https:\/\/lyceemermoz.edu.ar\/v5\/wp-content\/uploads\/Blog-2.jpg","datePublished":"2025-09-03T14:25:53+00:00","dateModified":"2025-09-08T17:57:50+00:00","description":"El liceo franco-argentino Jean Mermoz es un establecimiento laico, biling\u00fce y bicultural, integrando de manear harmoniosa le educaci\u00f3n de ambos pa\u00edses.","breadcrumb":{"@id":"https:\/\/lyceemermoz.edu.ar\/v5\/calendrier-des-dates-officielles-du-baccalaureat-francais-2025\/#breadcrumb"},"inLanguage":"fr-FR","potentialAction":[{"@type":"ReadAction","target":["https:\/\/lyceemermoz.edu.ar\/v5\/calendrier-des-dates-officielles-du-baccalaureat-francais-2025\/"]}]},{"@type":"ImageObject","inLanguage":"fr-FR","@id":"https:\/\/lyceemermoz.edu.ar\/v5\/calendrier-des-dates-officielles-du-baccalaureat-francais-2025\/#primaryimage","url":"https:\/\/lyceemermoz.edu.ar\/v5\/wp-content\/uploads\/Blog-2.jpg","contentUrl":"https:\/\/lyceemermoz.edu.ar\/v5\/wp-content\/uploads\/Blog-2.jpg","width":1920,"height":480,"caption":"Calendario imagen bac 2025"},{"@type":"BreadcrumbList","@id":"https:\/\/lyceemermoz.edu.ar\/v5\/calendrier-des-dates-officielles-du-baccalaureat-francais-2025\/#breadcrumb","itemListElement":[{"@type":"ListItem","position":1,"name":"Accueil","item":"https:\/\/lyceemermoz.edu.ar\/v5\/"},{"@type":"ListItem","position":2,"name":"Calendrier des dates officielles du baccalaur\u00e9at fran\u00e7ais 2025"}]},{"@type":"WebSite","@id":"https:\/\/lyceemermoz.edu.ar\/v5\/#website","url":"https:\/\/lyceemermoz.edu.ar\/v5\/","name":"Lyc\u00e9e Franco-Argentin Jean Mermoz","description":"Jean Mermoz, Buenos Aires","publisher":{"@id":"https:\/\/lyceemermoz.edu.ar\/v5\/#organization"},"potentialAction":[{"@type":"SearchAction","target":{"@type":"EntryPoint","urlTemplate":"https:\/\/lyceemermoz.edu.ar\/v5\/?s={search_term_string}"},"query-input":{"@type":"PropertyValueSpecification","valueRequired":true,"valueName":"search_term_string"}}],"inLanguage":"fr-FR"},{"@type":"Organization","@id":"https:\/\/lyceemermoz.edu.ar\/v5\/#organization","name":"Lyc\u00e9e Franco-Argentin Jean Mermoz - Liceo Franco-Argentino Jean Mermoz","url":"https:\/\/lyceemermoz.edu.ar\/v5\/","logo":{"@type":"ImageObject","inLanguage":"fr-FR","@id":"https:\/\/lyceemermoz.edu.ar\/v5\/#\/schema\/logo\/image\/","url":"https:\/\/lyceemermoz.edu.ar\/v5\/wp-content\/uploads\/logoJM-scaled.jpg","contentUrl":"https:\/\/lyceemermoz.edu.ar\/v5\/wp-content\/uploads\/logoJM-scaled.jpg","width":2560,"height":2560,"caption":"Lyc\u00e9e Franco-Argentin Jean Mermoz - Liceo Franco-Argentino Jean Mermoz"},"image":{"@id":"https:\/\/lyceemermoz.edu.ar\/v5\/#\/schema\/logo\/image\/"},"sameAs":["https:\/\/x.com\/LJMBuenosAires","https:\/\/www.instagram.com\/ljmbuenosaires\/"]},{"@type":"Person","@id":"https:\/\/lyceemermoz.edu.ar\/v5\/#\/schema\/person\/37997257e6cb71fb35304efddbe67b47","name":"Corinne Petrelli","image":{"@type":"ImageObject","inLanguage":"fr-FR","@id":"https:\/\/secure.gravatar.com\/avatar\/95675f9c455f787082e07aab736d3e229111653765cf8b882c36e0f219d29976?s=96&d=mm&r=g","url":"https:\/\/secure.gravatar.com\/avatar\/95675f9c455f787082e07aab736d3e229111653765cf8b882c36e0f219d29976?s=96&d=mm&r=g","contentUrl":"https:\/\/secure.gravatar.com\/avatar\/95675f9c455f787082e07aab736d3e229111653765cf8b882c36e0f219d29976?s=96&d=mm&r=g","caption":"Corinne Petrelli"},"sameAs":["https:\/\/lyceemermoz.edu.ar\/"]}]}},"_links":{"self":[{"href":"https:\/\/lyceemermoz.edu.ar\/v5\/wp-json\/wp\/v2\/posts\/28502","targetHints":{"allow":["GET"]}}],"collection":[{"href":"https:\/\/lyceemermoz.edu.ar\/v5\/wp-json\/wp\/v2\/posts"}],"about":[{"href":"https:\/\/lyceemermoz.edu.ar\/v5\/wp-json\/wp\/v2\/types\/post"}],"author":[{"embeddable":true,"href":"https:\/\/lyceemermoz.edu.ar\/v5\/wp-json\/wp\/v2\/users\/13"}],"replies":[{"embeddable":true,"href":"https:\/\/lyceemermoz.edu.ar\/v5\/wp-json\/wp\/v2\/comments?post=28502"}],"version-history":[{"count":37,"href":"https:\/\/lyceemermoz.edu.ar\/v5\/wp-json\/wp\/v2\/posts\/28502\/revisions"}],"predecessor-version":[{"id":28669,"href":"https:\/\/lyceemermoz.edu.ar\/v5\/wp-json\/wp\/v2\/posts\/28502\/revisions\/28669"}],"wp:featuredmedia":[{"embeddable":true,"href":"https:\/\/lyceemermoz.edu.ar\/v5\/wp-json\/wp\/v2\/media\/28495"}],"wp:attachment":[{"href":"https:\/\/lyceemermoz.edu.ar\/v5\/wp-json\/wp\/v2\/media?parent=28502"}],"wp:term":[{"taxonomy":"category","embeddable":true,"href":"https:\/\/lyceemermoz.edu.ar\/v5\/wp-json\/wp\/v2\/categories?post=28502"},{"taxonomy":"post_tag","embeddable":true,"href":"https:\/\/lyceemermoz.edu.ar\/v5\/wp-json\/wp\/v2\/tags?post=28502"}],"curies":[{"name":"wp","href":"https:\/\/api.w.org\/{rel}","templated":true}]}}