{"id":11058,"date":"2024-02-01T09:46:53","date_gmt":"2024-02-01T09:46:53","guid":{"rendered":"https:\/\/lyceemermoz.edu.ar\/v5\/?p=11058"},"modified":"2024-03-19T18:47:17","modified_gmt":"2024-03-19T18:47:17","slug":"informations-rentree-scolaire-2024-informaciones-inicio-de-clases-2024","status":"publish","type":"post","link":"https:\/\/lyceemermoz.edu.ar\/v5\/informations-rentree-scolaire-2024-informaciones-inicio-de-clases-2024\/","title":{"rendered":"Informations rentr\u00e9e scolaire 2024 &#8211; Informaciones inicio de clases 2024"},"content":{"rendered":"\t\t<div data-elementor-type=\"wp-post\" data-elementor-id=\"11058\" class=\"elementor elementor-11058\" data-elementor-post-type=\"post\">\n\t\t\t\t\t\t<section class=\"elementor-section elementor-top-section elementor-element elementor-element-03d41b3 elementor-section-boxed elementor-section-height-default elementor-section-height-default\" data-id=\"03d41b3\" data-element_type=\"section\" data-e-type=\"section\">\n\t\t\t\t\t\t<div class=\"elementor-container elementor-column-gap-default\">\n\t\t\t\t\t<div class=\"elementor-column elementor-col-100 elementor-top-column elementor-element elementor-element-6e3a2f6\" data-id=\"6e3a2f6\" data-element_type=\"column\" data-e-type=\"column\">\n\t\t\t<div class=\"elementor-widget-wrap elementor-element-populated\">\n\t\t\t\t\t\t<div class=\"elementor-element elementor-element-68a92ce elementor-widget elementor-widget-spacer\" data-id=\"68a92ce\" data-element_type=\"widget\" data-e-type=\"widget\" data-widget_type=\"spacer.default\">\n\t\t\t\t\t\t\t<div class=\"elementor-spacer\">\n\t\t\t<div class=\"elementor-spacer-inner\"><\/div>\n\t\t<\/div>\n\t\t\t\t\t\t<\/div>\n\t\t\t\t<div class=\"elementor-element elementor-element-f4baf33 elementor-invisible elementor-widget elementor-widget-text-editor\" data-id=\"f4baf33\" data-element_type=\"widget\" data-e-type=\"widget\" data-settings=\"{&quot;_animation&quot;:&quot;zoomIn&quot;}\" data-widget_type=\"text-editor.default\">\n\t\t\t\t\t\t\t\t\t<p><a href=\"https:\/\/lyceemermoz.edu.ar\/v5\/informaciones-generales\/comienzo-de-clases\/\"><span style=\"text-decoration: underline;\"><strong>Informations rentr\u00e9e scolaire 2024 ICI &#8211; Informaci\u00f3n comienzo de clases 2024 AQU\u00cd<\/strong><\/span><\/a><\/p>\t\t\t\t\t\t\t\t<\/div>\n\t\t\t\t\t<\/div>\n\t\t<\/div>\n\t\t\t\t\t<\/div>\n\t\t<\/section>\n\t\t\t\t<\/div>\n\t\t","protected":false},"excerpt":{"rendered":"<p>Informations rentr\u00e9e scolaire 2024 ICI &#8211; Informaci\u00f3n comienzo de clases 2024 AQU\u00cd<\/p>\n","protected":false},"author":12,"featured_media":11070,"comment_status":"closed","ping_status":"closed","sticky":true,"template":"","format":"standard","meta":{"iawp_total_views":0,"footnotes":""},"categories":[5],"tags":[],"class_list":["post-11058","post","type-post","status-publish","format-standard","has-post-thumbnail","hentry","category-actualites"],"yoast_head":"<!-- This site is optimized with the Yoast SEO plugin v27.4 - https:\/\/yoast.com\/product\/yoast-seo-wordpress\/ -->\n<title>Informations rentr\u00e9e scolaire 2024 - Informaciones inicio de clases 2024 - Lyc\u00e9e Franco-Argentin Jean Mermoz<\/title>\n<meta name=\"description\" content=\"El liceo franco-argentino Jean Mermoz es un establecimiento laico, biling\u00fce y bicultural, integrando de manear harmoniosa le educaci\u00f3n de ambos pa\u00edses.\" \/>\n<meta name=\"robots\" content=\"index, follow, max-snippet:-1, max-image-preview:large, max-video-preview:-1\" \/>\n<link rel=\"canonical\" href=\"https:\/\/lyceemermoz.edu.ar\/v5\/informations-rentree-scolaire-2024-informaciones-inicio-de-clases-2024\/\" \/>\n<meta property=\"og:locale\" content=\"fr_FR\" \/>\n<meta property=\"og:type\" content=\"article\" \/>\n<meta property=\"og:title\" content=\"Informations rentr\u00e9e scolaire 2024 - Informaciones inicio de clases 2024 - Lyc\u00e9e Franco-Argentin Jean Mermoz\" \/>\n<meta property=\"og:description\" content=\"El liceo franco-argentino Jean Mermoz es un establecimiento laico, biling\u00fce y bicultural, integrando de manear harmoniosa le educaci\u00f3n de ambos pa\u00edses.\" \/>\n<meta property=\"og:url\" content=\"https:\/\/lyceemermoz.edu.ar\/v5\/informations-rentree-scolaire-2024-informaciones-inicio-de-clases-2024\/\" \/>\n<meta property=\"og:site_name\" content=\"Lyc\u00e9e Franco-Argentin Jean Mermoz\" \/>\n<meta property=\"article:published_time\" content=\"2024-02-01T09:46:53+00:00\" \/>\n<meta property=\"article:modified_time\" content=\"2024-03-19T18:47:17+00:00\" \/>\n<meta property=\"og:image\" content=\"https:\/\/lyceemermoz.edu.ar\/v5\/wp-content\/uploads\/RENTREE-scolaire-peq.png\" \/>\n\t<meta property=\"og:image:width\" content=\"282\" \/>\n\t<meta property=\"og:image:height\" content=\"237\" \/>\n\t<meta property=\"og:image:type\" content=\"image\/png\" \/>\n<meta name=\"author\" content=\"Vanina Giannotti\" \/>\n<meta name=\"twitter:card\" content=\"summary_large_image\" \/>\n<meta name=\"twitter:creator\" content=\"@LJMBuenosAires\" \/>\n<meta name=\"twitter:site\" content=\"@LJMBuenosAires\" \/>\n<meta name=\"twitter:label1\" content=\"\u00c9crit par\" \/>\n\t<meta name=\"twitter:data1\" content=\"Vanina Giannotti\" \/>\n\t<meta name=\"twitter:label2\" content=\"Dur\u00e9e de lecture estim\u00e9e\" \/>\n\t<meta name=\"twitter:data2\" content=\"1 minute\" \/>\n<script type=\"application\/ld+json\" class=\"yoast-schema-graph\">{\"@context\":\"https:\\\/\\\/schema.org\",\"@graph\":[{\"@type\":\"Article\",\"@id\":\"https:\\\/\\\/lyceemermoz.edu.ar\\\/v5\\\/informations-rentree-scolaire-2024-informaciones-inicio-de-clases-2024\\\/#article\",\"isPartOf\":{\"@id\":\"https:\\\/\\\/lyceemermoz.edu.ar\\\/v5\\\/informations-rentree-scolaire-2024-informaciones-inicio-de-clases-2024\\\/\"},\"author\":{\"name\":\"Vanina Giannotti\",\"@id\":\"https:\\\/\\\/lyceemermoz.edu.ar\\\/v5\\\/#\\\/schema\\\/person\\\/09af428d3f280698acf8672f395ea167\"},\"headline\":\"Informations rentr\u00e9e scolaire 2024 &#8211; Informaciones inicio de clases 2024\",\"datePublished\":\"2024-02-01T09:46:53+00:00\",\"dateModified\":\"2024-03-19T18:47:17+00:00\",\"mainEntityOfPage\":{\"@id\":\"https:\\\/\\\/lyceemermoz.edu.ar\\\/v5\\\/informations-rentree-scolaire-2024-informaciones-inicio-de-clases-2024\\\/\"},\"wordCount\":21,\"publisher\":{\"@id\":\"https:\\\/\\\/lyceemermoz.edu.ar\\\/v5\\\/#organization\"},\"image\":{\"@id\":\"https:\\\/\\\/lyceemermoz.edu.ar\\\/v5\\\/informations-rentree-scolaire-2024-informaciones-inicio-de-clases-2024\\\/#primaryimage\"},\"thumbnailUrl\":\"https:\\\/\\\/lyceemermoz.edu.ar\\\/v5\\\/wp-content\\\/uploads\\\/RENTREE-scolaire-peq.png\",\"articleSection\":[\"ACTUALIT\u00c9S\"],\"inLanguage\":\"fr-FR\"},{\"@type\":\"WebPage\",\"@id\":\"https:\\\/\\\/lyceemermoz.edu.ar\\\/v5\\\/informations-rentree-scolaire-2024-informaciones-inicio-de-clases-2024\\\/\",\"url\":\"https:\\\/\\\/lyceemermoz.edu.ar\\\/v5\\\/informations-rentree-scolaire-2024-informaciones-inicio-de-clases-2024\\\/\",\"name\":\"Informations rentr\u00e9e scolaire 2024 - Informaciones inicio de clases 2024 - Lyc\u00e9e Franco-Argentin Jean Mermoz\",\"isPartOf\":{\"@id\":\"https:\\\/\\\/lyceemermoz.edu.ar\\\/v5\\\/#website\"},\"primaryImageOfPage\":{\"@id\":\"https:\\\/\\\/lyceemermoz.edu.ar\\\/v5\\\/informations-rentree-scolaire-2024-informaciones-inicio-de-clases-2024\\\/#primaryimage\"},\"image\":{\"@id\":\"https:\\\/\\\/lyceemermoz.edu.ar\\\/v5\\\/informations-rentree-scolaire-2024-informaciones-inicio-de-clases-2024\\\/#primaryimage\"},\"thumbnailUrl\":\"https:\\\/\\\/lyceemermoz.edu.ar\\\/v5\\\/wp-content\\\/uploads\\\/RENTREE-scolaire-peq.png\",\"datePublished\":\"2024-02-01T09:46:53+00:00\",\"dateModified\":\"2024-03-19T18:47:17+00:00\",\"description\":\"El liceo franco-argentino Jean Mermoz es un establecimiento laico, biling\u00fce y bicultural, integrando de manear harmoniosa le educaci\u00f3n de ambos pa\u00edses.\",\"breadcrumb\":{\"@id\":\"https:\\\/\\\/lyceemermoz.edu.ar\\\/v5\\\/informations-rentree-scolaire-2024-informaciones-inicio-de-clases-2024\\\/#breadcrumb\"},\"inLanguage\":\"fr-FR\",\"potentialAction\":[{\"@type\":\"ReadAction\",\"target\":[\"https:\\\/\\\/lyceemermoz.edu.ar\\\/v5\\\/informations-rentree-scolaire-2024-informaciones-inicio-de-clases-2024\\\/\"]}]},{\"@type\":\"ImageObject\",\"inLanguage\":\"fr-FR\",\"@id\":\"https:\\\/\\\/lyceemermoz.edu.ar\\\/v5\\\/informations-rentree-scolaire-2024-informaciones-inicio-de-clases-2024\\\/#primaryimage\",\"url\":\"https:\\\/\\\/lyceemermoz.edu.ar\\\/v5\\\/wp-content\\\/uploads\\\/RENTREE-scolaire-peq.png\",\"contentUrl\":\"https:\\\/\\\/lyceemermoz.edu.ar\\\/v5\\\/wp-content\\\/uploads\\\/RENTREE-scolaire-peq.png\",\"width\":282,\"height\":237},{\"@type\":\"BreadcrumbList\",\"@id\":\"https:\\\/\\\/lyceemermoz.edu.ar\\\/v5\\\/informations-rentree-scolaire-2024-informaciones-inicio-de-clases-2024\\\/#breadcrumb\",\"itemListElement\":[{\"@type\":\"ListItem\",\"position\":1,\"name\":\"Accueil\",\"item\":\"https:\\\/\\\/lyceemermoz.edu.ar\\\/v5\\\/\"},{\"@type\":\"ListItem\",\"position\":2,\"name\":\"Informations rentr\u00e9e scolaire 2024 &#8211; Informaciones inicio de clases 2024\"}]},{\"@type\":\"WebSite\",\"@id\":\"https:\\\/\\\/lyceemermoz.edu.ar\\\/v5\\\/#website\",\"url\":\"https:\\\/\\\/lyceemermoz.edu.ar\\\/v5\\\/\",\"name\":\"Lyc\u00e9e Franco-Argentin Jean Mermoz\",\"description\":\"Jean Mermoz, Buenos Aires\",\"publisher\":{\"@id\":\"https:\\\/\\\/lyceemermoz.edu.ar\\\/v5\\\/#organization\"},\"potentialAction\":[{\"@type\":\"SearchAction\",\"target\":{\"@type\":\"EntryPoint\",\"urlTemplate\":\"https:\\\/\\\/lyceemermoz.edu.ar\\\/v5\\\/?s={search_term_string}\"},\"query-input\":{\"@type\":\"PropertyValueSpecification\",\"valueRequired\":true,\"valueName\":\"search_term_string\"}}],\"inLanguage\":\"fr-FR\"},{\"@type\":\"Organization\",\"@id\":\"https:\\\/\\\/lyceemermoz.edu.ar\\\/v5\\\/#organization\",\"name\":\"Lyc\u00e9e Franco-Argentin Jean Mermoz - Liceo Franco-Argentino Jean Mermoz\",\"url\":\"https:\\\/\\\/lyceemermoz.edu.ar\\\/v5\\\/\",\"logo\":{\"@type\":\"ImageObject\",\"inLanguage\":\"fr-FR\",\"@id\":\"https:\\\/\\\/lyceemermoz.edu.ar\\\/v5\\\/#\\\/schema\\\/logo\\\/image\\\/\",\"url\":\"https:\\\/\\\/lyceemermoz.edu.ar\\\/v5\\\/wp-content\\\/uploads\\\/logoJM-scaled.jpg\",\"contentUrl\":\"https:\\\/\\\/lyceemermoz.edu.ar\\\/v5\\\/wp-content\\\/uploads\\\/logoJM-scaled.jpg\",\"width\":2560,\"height\":2560,\"caption\":\"Lyc\u00e9e Franco-Argentin Jean Mermoz - Liceo Franco-Argentino Jean Mermoz\"},\"image\":{\"@id\":\"https:\\\/\\\/lyceemermoz.edu.ar\\\/v5\\\/#\\\/schema\\\/logo\\\/image\\\/\"},\"sameAs\":[\"https:\\\/\\\/x.com\\\/LJMBuenosAires\",\"https:\\\/\\\/www.instagram.com\\\/ljmbuenosaires\\\/\"]},{\"@type\":\"Person\",\"@id\":\"https:\\\/\\\/lyceemermoz.edu.ar\\\/v5\\\/#\\\/schema\\\/person\\\/09af428d3f280698acf8672f395ea167\",\"name\":\"Vanina Giannotti\",\"image\":{\"@type\":\"ImageObject\",\"inLanguage\":\"fr-FR\",\"@id\":\"https:\\\/\\\/secure.gravatar.com\\\/avatar\\\/c56e0b6c465f09501200a856f7bfef32f87fc0527b09254695495985fb7941fa?s=96&d=mm&r=g\",\"url\":\"https:\\\/\\\/secure.gravatar.com\\\/avatar\\\/c56e0b6c465f09501200a856f7bfef32f87fc0527b09254695495985fb7941fa?s=96&d=mm&r=g\",\"contentUrl\":\"https:\\\/\\\/secure.gravatar.com\\\/avatar\\\/c56e0b6c465f09501200a856f7bfef32f87fc0527b09254695495985fb7941fa?s=96&d=mm&r=g\",\"caption\":\"Vanina Giannotti\"},\"sameAs\":[\"https:\\\/\\\/lyceemermoz.edu.ar\\\/\"]}]}<\/script>\n<!-- \/ Yoast SEO plugin. -->","yoast_head_json":{"title":"Informations rentr\u00e9e scolaire 2024 - Informaciones inicio de clases 2024 - Lyc\u00e9e Franco-Argentin Jean Mermoz","description":"El liceo franco-argentino Jean Mermoz es un establecimiento laico, biling\u00fce y bicultural, integrando de manear harmoniosa le educaci\u00f3n de ambos pa\u00edses.","robots":{"index":"index","follow":"follow","max-snippet":"max-snippet:-1","max-image-preview":"max-image-preview:large","max-video-preview":"max-video-preview:-1"},"canonical":"https:\/\/lyceemermoz.edu.ar\/v5\/informations-rentree-scolaire-2024-informaciones-inicio-de-clases-2024\/","og_locale":"fr_FR","og_type":"article","og_title":"Informations rentr\u00e9e scolaire 2024 - Informaciones inicio de clases 2024 - Lyc\u00e9e Franco-Argentin Jean Mermoz","og_description":"El liceo franco-argentino Jean Mermoz es un establecimiento laico, biling\u00fce y bicultural, integrando de manear harmoniosa le educaci\u00f3n de ambos pa\u00edses.","og_url":"https:\/\/lyceemermoz.edu.ar\/v5\/informations-rentree-scolaire-2024-informaciones-inicio-de-clases-2024\/","og_site_name":"Lyc\u00e9e Franco-Argentin Jean Mermoz","article_published_time":"2024-02-01T09:46:53+00:00","article_modified_time":"2024-03-19T18:47:17+00:00","og_image":[{"width":282,"height":237,"url":"https:\/\/lyceemermoz.edu.ar\/v5\/wp-content\/uploads\/RENTREE-scolaire-peq.png","type":"image\/png"}],"author":"Vanina Giannotti","twitter_card":"summary_large_image","twitter_creator":"@LJMBuenosAires","twitter_site":"@LJMBuenosAires","twitter_misc":{"\u00c9crit par":"Vanina Giannotti","Dur\u00e9e de lecture estim\u00e9e":"1 minute"},"schema":{"@context":"https:\/\/schema.org","@graph":[{"@type":"Article","@id":"https:\/\/lyceemermoz.edu.ar\/v5\/informations-rentree-scolaire-2024-informaciones-inicio-de-clases-2024\/#article","isPartOf":{"@id":"https:\/\/lyceemermoz.edu.ar\/v5\/informations-rentree-scolaire-2024-informaciones-inicio-de-clases-2024\/"},"author":{"name":"Vanina Giannotti","@id":"https:\/\/lyceemermoz.edu.ar\/v5\/#\/schema\/person\/09af428d3f280698acf8672f395ea167"},"headline":"Informations rentr\u00e9e scolaire 2024 &#8211; Informaciones inicio de clases 2024","datePublished":"2024-02-01T09:46:53+00:00","dateModified":"2024-03-19T18:47:17+00:00","mainEntityOfPage":{"@id":"https:\/\/lyceemermoz.edu.ar\/v5\/informations-rentree-scolaire-2024-informaciones-inicio-de-clases-2024\/"},"wordCount":21,"publisher":{"@id":"https:\/\/lyceemermoz.edu.ar\/v5\/#organization"},"image":{"@id":"https:\/\/lyceemermoz.edu.ar\/v5\/informations-rentree-scolaire-2024-informaciones-inicio-de-clases-2024\/#primaryimage"},"thumbnailUrl":"https:\/\/lyceemermoz.edu.ar\/v5\/wp-content\/uploads\/RENTREE-scolaire-peq.png","articleSection":["ACTUALIT\u00c9S"],"inLanguage":"fr-FR"},{"@type":"WebPage","@id":"https:\/\/lyceemermoz.edu.ar\/v5\/informations-rentree-scolaire-2024-informaciones-inicio-de-clases-2024\/","url":"https:\/\/lyceemermoz.edu.ar\/v5\/informations-rentree-scolaire-2024-informaciones-inicio-de-clases-2024\/","name":"Informations rentr\u00e9e scolaire 2024 - Informaciones inicio de clases 2024 - Lyc\u00e9e Franco-Argentin Jean Mermoz","isPartOf":{"@id":"https:\/\/lyceemermoz.edu.ar\/v5\/#website"},"primaryImageOfPage":{"@id":"https:\/\/lyceemermoz.edu.ar\/v5\/informations-rentree-scolaire-2024-informaciones-inicio-de-clases-2024\/#primaryimage"},"image":{"@id":"https:\/\/lyceemermoz.edu.ar\/v5\/informations-rentree-scolaire-2024-informaciones-inicio-de-clases-2024\/#primaryimage"},"thumbnailUrl":"https:\/\/lyceemermoz.edu.ar\/v5\/wp-content\/uploads\/RENTREE-scolaire-peq.png","datePublished":"2024-02-01T09:46:53+00:00","dateModified":"2024-03-19T18:47:17+00:00","description":"El liceo franco-argentino Jean Mermoz es un establecimiento laico, biling\u00fce y bicultural, integrando de manear harmoniosa le educaci\u00f3n de ambos pa\u00edses.","breadcrumb":{"@id":"https:\/\/lyceemermoz.edu.ar\/v5\/informations-rentree-scolaire-2024-informaciones-inicio-de-clases-2024\/#breadcrumb"},"inLanguage":"fr-FR","potentialAction":[{"@type":"ReadAction","target":["https:\/\/lyceemermoz.edu.ar\/v5\/informations-rentree-scolaire-2024-informaciones-inicio-de-clases-2024\/"]}]},{"@type":"ImageObject","inLanguage":"fr-FR","@id":"https:\/\/lyceemermoz.edu.ar\/v5\/informations-rentree-scolaire-2024-informaciones-inicio-de-clases-2024\/#primaryimage","url":"https:\/\/lyceemermoz.edu.ar\/v5\/wp-content\/uploads\/RENTREE-scolaire-peq.png","contentUrl":"https:\/\/lyceemermoz.edu.ar\/v5\/wp-content\/uploads\/RENTREE-scolaire-peq.png","width":282,"height":237},{"@type":"BreadcrumbList","@id":"https:\/\/lyceemermoz.edu.ar\/v5\/informations-rentree-scolaire-2024-informaciones-inicio-de-clases-2024\/#breadcrumb","itemListElement":[{"@type":"ListItem","position":1,"name":"Accueil","item":"https:\/\/lyceemermoz.edu.ar\/v5\/"},{"@type":"ListItem","position":2,"name":"Informations rentr\u00e9e scolaire 2024 &#8211; Informaciones inicio de clases 2024"}]},{"@type":"WebSite","@id":"https:\/\/lyceemermoz.edu.ar\/v5\/#website","url":"https:\/\/lyceemermoz.edu.ar\/v5\/","name":"Lyc\u00e9e Franco-Argentin Jean Mermoz","description":"Jean Mermoz, Buenos Aires","publisher":{"@id":"https:\/\/lyceemermoz.edu.ar\/v5\/#organization"},"potentialAction":[{"@type":"SearchAction","target":{"@type":"EntryPoint","urlTemplate":"https:\/\/lyceemermoz.edu.ar\/v5\/?s={search_term_string}"},"query-input":{"@type":"PropertyValueSpecification","valueRequired":true,"valueName":"search_term_string"}}],"inLanguage":"fr-FR"},{"@type":"Organization","@id":"https:\/\/lyceemermoz.edu.ar\/v5\/#organization","name":"Lyc\u00e9e Franco-Argentin Jean Mermoz - Liceo Franco-Argentino Jean Mermoz","url":"https:\/\/lyceemermoz.edu.ar\/v5\/","logo":{"@type":"ImageObject","inLanguage":"fr-FR","@id":"https:\/\/lyceemermoz.edu.ar\/v5\/#\/schema\/logo\/image\/","url":"https:\/\/lyceemermoz.edu.ar\/v5\/wp-content\/uploads\/logoJM-scaled.jpg","contentUrl":"https:\/\/lyceemermoz.edu.ar\/v5\/wp-content\/uploads\/logoJM-scaled.jpg","width":2560,"height":2560,"caption":"Lyc\u00e9e Franco-Argentin Jean Mermoz - Liceo Franco-Argentino Jean Mermoz"},"image":{"@id":"https:\/\/lyceemermoz.edu.ar\/v5\/#\/schema\/logo\/image\/"},"sameAs":["https:\/\/x.com\/LJMBuenosAires","https:\/\/www.instagram.com\/ljmbuenosaires\/"]},{"@type":"Person","@id":"https:\/\/lyceemermoz.edu.ar\/v5\/#\/schema\/person\/09af428d3f280698acf8672f395ea167","name":"Vanina Giannotti","image":{"@type":"ImageObject","inLanguage":"fr-FR","@id":"https:\/\/secure.gravatar.com\/avatar\/c56e0b6c465f09501200a856f7bfef32f87fc0527b09254695495985fb7941fa?s=96&d=mm&r=g","url":"https:\/\/secure.gravatar.com\/avatar\/c56e0b6c465f09501200a856f7bfef32f87fc0527b09254695495985fb7941fa?s=96&d=mm&r=g","contentUrl":"https:\/\/secure.gravatar.com\/avatar\/c56e0b6c465f09501200a856f7bfef32f87fc0527b09254695495985fb7941fa?s=96&d=mm&r=g","caption":"Vanina Giannotti"},"sameAs":["https:\/\/lyceemermoz.edu.ar\/"]}]}},"_links":{"self":[{"href":"https:\/\/lyceemermoz.edu.ar\/v5\/wp-json\/wp\/v2\/posts\/11058","targetHints":{"allow":["GET"]}}],"collection":[{"href":"https:\/\/lyceemermoz.edu.ar\/v5\/wp-json\/wp\/v2\/posts"}],"about":[{"href":"https:\/\/lyceemermoz.edu.ar\/v5\/wp-json\/wp\/v2\/types\/post"}],"author":[{"embeddable":true,"href":"https:\/\/lyceemermoz.edu.ar\/v5\/wp-json\/wp\/v2\/users\/12"}],"replies":[{"embeddable":true,"href":"https:\/\/lyceemermoz.edu.ar\/v5\/wp-json\/wp\/v2\/comments?post=11058"}],"version-history":[{"count":9,"href":"https:\/\/lyceemermoz.edu.ar\/v5\/wp-json\/wp\/v2\/posts\/11058\/revisions"}],"predecessor-version":[{"id":11068,"href":"https:\/\/lyceemermoz.edu.ar\/v5\/wp-json\/wp\/v2\/posts\/11058\/revisions\/11068"}],"wp:featuredmedia":[{"embeddable":true,"href":"https:\/\/lyceemermoz.edu.ar\/v5\/wp-json\/wp\/v2\/media\/11070"}],"wp:attachment":[{"href":"https:\/\/lyceemermoz.edu.ar\/v5\/wp-json\/wp\/v2\/media?parent=11058"}],"wp:term":[{"taxonomy":"category","embeddable":true,"href":"https:\/\/lyceemermoz.edu.ar\/v5\/wp-json\/wp\/v2\/categories?post=11058"},{"taxonomy":"post_tag","embeddable":true,"href":"https:\/\/lyceemermoz.edu.ar\/v5\/wp-json\/wp\/v2\/tags?post=11058"}],"curies":[{"name":"wp","href":"https:\/\/api.w.org\/{rel}","templated":true}]}}